{"id":14260,"date":"2026-04-24T15:23:16","date_gmt":"2026-04-24T12:23:16","guid":{"rendered":"https:\/\/standard.md\/?p=14260"},"modified":"2026-04-24T15:23:16","modified_gmt":"2026-04-24T12:23:16","slug":"consolidarea-standardizarii-in-domeniul-lemnului-initiativa-de-creare-a-unui-nou-comitet-tehnic","status":"publish","type":"post","link":"https:\/\/standard.md\/?p=14260","title":{"rendered":"Consolidarea standardiz\u0103rii \u00een domeniul lemnului: ini\u021biativa de creare a unui nou comitet tehnic"},"content":{"rendered":"<p>La data de 23 aprilie 2026, Institutul de Standardizare din Moldova (ISM) a organizat, pe platforma Zoom, evenimentul online cu genericul \u201eConsolidarea standardiz\u0103rii \u00een domeniul produselor din lemn \u0219i produselor finite \u0219i semifinite din lemn: crearea unui nou comitet tehnic\u201d.<\/p>\n<p>Evenimentul a fost desf\u0103\u0219urat \u00een contextul dezvolt\u0103rii cadrului na\u021bional de standardizare \u00een domeniul lemnului \u0219i mobilei, precum \u0219i al alinierii la practicile europene \u0219i interna\u021bionale \u00een acest sector. Scopul reuniunii a fost facilitarea dialogului \u00eentre autorit\u0103\u021bi publice, produc\u0103tori, mediul academic \u0219i alte p\u0103r\u021bi interesate, \u00een vederea ini\u021bierii procesului de constituire a Comitetului Tehnic de Standardizare \u201eLemn \u0219i produse finite \u0219i semifinite din lemn\u201d, precum \u0219i a grupurilor de lucru aferente.<\/p>\n<p>\u00cen cadrul evenimentului au fost abordate subiecte relevante privind practicile europene de organizare a comitetelor tehnice \u00een domeniul lemnului \u0219i mobilei, precum \u0219i obiectivele \u0219i direc\u021biile de activitate ale noului comitet tehnic propus.<\/p>\n<p>Institutul de Standardizare din Moldova \u00ee\u0219i reafirm\u0103 angajamentul de a sprijini dezvoltarea unui sistem na\u021bional de standardizare eficient, aliniat la cerin\u021bele europene \u0219i interna\u021bionale, \u00een beneficiul economiei \u0219i societ\u0103\u021bii.<\/p>","protected":false},"excerpt":{"rendered":"<p>La data de 23 aprilie 2026, Institutul de Standardizare din Moldova (ISM) a organizat, pe platforma Zoom, evenimentul online cu<\/p>\n","protected":false},"author":3,"featured_media":14261,"comment_status":"closed","ping_status":"closed","sticky":false,"template":"","format":"standard","meta":[],"categories":[1],"tags":[],"yoast_head":"<!-- This site is optimized with the Yoast SEO plugin v18.1 - https:\/\/yoast.com\/wordpress\/plugins\/seo\/ -->\n<title>Consolidarea standardiz\u0103rii \u00een domeniul lemnului: ini\u021biativa de creare a unui nou comitet tehnic - Standard<\/title>\n<meta name=\"robots\" content=\"index, follow, max-snippet:-1, max-image-preview:large, max-video-preview:-1\" \/>\n<link rel=\"canonical\" href=\"https:\/\/standard.md\/?p=14260\" \/>\n<meta property=\"og:locale\" content=\"ro_RO\" \/>\n<meta property=\"og:type\" content=\"article\" \/>\n<meta property=\"og:title\" content=\"Consolidarea standardiz\u0103rii \u00een domeniul lemnului: ini\u021biativa de creare a unui nou comitet tehnic - Standard\" \/>\n<meta property=\"og:description\" content=\"La data de 23 aprilie 2026, Institutul de Standardizare din Moldova (ISM) a organizat, pe platforma Zoom, evenimentul online cu\" \/>\n<meta property=\"og:url\" content=\"https:\/\/standard.md\/?p=14260\" \/>\n<meta property=\"og:site_name\" content=\"Standard\" \/>\n<meta property=\"article:published_time\" content=\"2026-04-24T12:23:16+00:00\" \/>\n<meta property=\"og:image\" content=\"https:\/\/standard.md\/wp-content\/uploads\/2026\/04\/Captura-de-ecran-2026-04-23-140431.png\" \/>\n\t<meta property=\"og:image:width\" content=\"1912\" \/>\n\t<meta property=\"og:image:height\" content=\"1133\" \/>\n\t<meta property=\"og:image:type\" content=\"image\/png\" \/>\n<meta name=\"twitter:card\" content=\"summary_large_image\" \/>\n<meta name=\"twitter:label1\" content=\"Scris de\" \/>\n\t<meta name=\"twitter:data1\" content=\"ISM\" \/>\n\t<meta name=\"twitter:label2\" content=\"Timp estimat pentru citire\" \/>\n\t<meta name=\"twitter:data2\" content=\"2 minute\" \/>\n<script type=\"application\/ld+json\" class=\"yoast-schema-graph\">{\"@context\":\"https:\/\/schema.org\",\"@graph\":[{\"@type\":\"Organization\",\"@id\":\"https:\/\/standard.md\/#organization\",\"name\":\"ISM\",\"url\":\"https:\/\/standard.md\/\",\"sameAs\":[],\"logo\":{\"@type\":\"ImageObject\",\"@id\":\"https:\/\/standard.md\/#logo\",\"inLanguage\":\"ro-RO\",\"url\":\"https:\/\/standard.md\/wp-content\/uploads\/2022\/09\/logo-ism.jpg\",\"contentUrl\":\"https:\/\/standard.md\/wp-content\/uploads\/2022\/09\/logo-ism.jpg\",\"width\":200,\"height\":200,\"caption\":\"ISM\"},\"image\":{\"@id\":\"https:\/\/standard.md\/#logo\"}},{\"@type\":\"WebSite\",\"@id\":\"https:\/\/standard.md\/#website\",\"url\":\"https:\/\/standard.md\/\",\"name\":\"Standard\",\"description\":\"Institutul de Standardizare din Moldova\",\"publisher\":{\"@id\":\"https:\/\/standard.md\/#organization\"},\"potentialAction\":[{\"@type\":\"SearchAction\",\"target\":{\"@type\":\"EntryPoint\",\"urlTemplate\":\"https:\/\/standard.md\/?s={search_term_string}\"},\"query-input\":\"required name=search_term_string\"}],\"inLanguage\":\"ro-RO\"},{\"@type\":\"ImageObject\",\"@id\":\"https:\/\/standard.md\/?p=14260#primaryimage\",\"inLanguage\":\"ro-RO\",\"url\":\"https:\/\/standard.md\/wp-content\/uploads\/2026\/04\/Captura-de-ecran-2026-04-23-140431.png\",\"contentUrl\":\"https:\/\/standard.md\/wp-content\/uploads\/2026\/04\/Captura-de-ecran-2026-04-23-140431.png\",\"width\":1912,\"height\":1133},{\"@type\":\"WebPage\",\"@id\":\"https:\/\/standard.md\/?p=14260#webpage\",\"url\":\"https:\/\/standard.md\/?p=14260\",\"name\":\"Consolidarea standardiz\u0103rii \u00een domeniul lemnului: ini\u021biativa de creare a unui nou comitet tehnic - Standard\",\"isPartOf\":{\"@id\":\"https:\/\/standard.md\/#website\"},\"primaryImageOfPage\":{\"@id\":\"https:\/\/standard.md\/?p=14260#primaryimage\"},\"datePublished\":\"2026-04-24T12:23:16+00:00\",\"dateModified\":\"2026-04-24T12:23:16+00:00\",\"breadcrumb\":{\"@id\":\"https:\/\/standard.md\/?p=14260#breadcrumb\"},\"inLanguage\":\"ro-RO\",\"potentialAction\":[{\"@type\":\"ReadAction\",\"target\":[\"https:\/\/standard.md\/index.php?rest_route=%2Fwp%2Fv2%2Fposts%2F14260\"]}]},{\"@type\":\"BreadcrumbList\",\"@id\":\"https:\/\/standard.md\/?p=14260#breadcrumb\",\"itemListElement\":[{\"@type\":\"ListItem\",\"position\":1,\"name\":\"Prima pagin\u0103\",\"item\":\"https:\/\/standard.md\/\"},{\"@type\":\"ListItem\",\"position\":2,\"name\":\"Consolidarea standardiz\u0103rii \u00een domeniul lemnului: ini\u021biativa de creare a unui nou comitet tehnic\"}]},{\"@type\":\"Article\",\"@id\":\"https:\/\/standard.md\/?p=14260#article\",\"isPartOf\":{\"@id\":\"https:\/\/standard.md\/?p=14260#webpage\"},\"author\":{\"@id\":\"https:\/\/standard.md\/#\/schema\/person\/1a74dee86aebda86ed2150d41b1f7561\"},\"headline\":\"Consolidarea standardiz\u0103rii \u00een domeniul lemnului: ini\u021biativa de creare a unui nou comitet tehnic\",\"datePublished\":\"2026-04-24T12:23:16+00:00\",\"dateModified\":\"2026-04-24T12:23:16+00:00\",\"mainEntityOfPage\":{\"@id\":\"https:\/\/standard.md\/?p=14260#webpage\"},\"wordCount\":403,\"publisher\":{\"@id\":\"https:\/\/standard.md\/#organization\"},\"image\":{\"@id\":\"https:\/\/standard.md\/?p=14260#primaryimage\"},\"thumbnailUrl\":\"https:\/\/standard.md\/wp-content\/uploads\/2026\/04\/Captura-de-ecran-2026-04-23-140431.png\",\"articleSection\":[\"Comunicate\"],\"inLanguage\":\"ro-RO\"},{\"@type\":\"Person\",\"@id\":\"https:\/\/standard.md\/#\/schema\/person\/1a74dee86aebda86ed2150d41b1f7561\",\"name\":\"ISM\",\"image\":{\"@type\":\"ImageObject\",\"@id\":\"https:\/\/standard.md\/#personlogo\",\"inLanguage\":\"ro-RO\",\"url\":\"https:\/\/secure.gravatar.com\/avatar\/6a21188d695e35aae964dab31af48099?s=96&d=mm&r=g\",\"contentUrl\":\"https:\/\/secure.gravatar.com\/avatar\/6a21188d695e35aae964dab31af48099?s=96&d=mm&r=g\",\"caption\":\"ISM\"}}]}<\/script>\n<!-- \/ Yoast SEO plugin. -->","yoast_head_json":{"title":"Consolidarea standardiz\u0103rii \u00een domeniul lemnului: ini\u021biativa de creare a unui nou comitet tehnic - Standard","robots":{"index":"index","follow":"follow","max-snippet":"max-snippet:-1","max-image-preview":"max-image-preview:large","max-video-preview":"max-video-preview:-1"},"canonical":"https:\/\/standard.md\/?p=14260","og_locale":"ro_RO","og_type":"article","og_title":"Consolidarea standardiz\u0103rii \u00een domeniul lemnului: ini\u021biativa de creare a unui nou comitet tehnic - Standard","og_description":"La data de 23 aprilie 2026, Institutul de Standardizare din Moldova (ISM) a organizat, pe platforma Zoom, evenimentul online cu","og_url":"https:\/\/standard.md\/?p=14260","og_site_name":"Standard","article_published_time":"2026-04-24T12:23:16+00:00","og_image":[{"width":1912,"height":1133,"url":"https:\/\/standard.md\/wp-content\/uploads\/2026\/04\/Captura-de-ecran-2026-04-23-140431.png","type":"image\/png"}],"twitter_card":"summary_large_image","twitter_misc":{"Scris de":"ISM","Timp estimat pentru citire":"2 minute"},"schema":{"@context":"https:\/\/schema.org","@graph":[{"@type":"Organization","@id":"https:\/\/standard.md\/#organization","name":"ISM","url":"https:\/\/standard.md\/","sameAs":[],"logo":{"@type":"ImageObject","@id":"https:\/\/standard.md\/#logo","inLanguage":"ro-RO","url":"https:\/\/standard.md\/wp-content\/uploads\/2022\/09\/logo-ism.jpg","contentUrl":"https:\/\/standard.md\/wp-content\/uploads\/2022\/09\/logo-ism.jpg","width":200,"height":200,"caption":"ISM"},"image":{"@id":"https:\/\/standard.md\/#logo"}},{"@type":"WebSite","@id":"https:\/\/standard.md\/#website","url":"https:\/\/standard.md\/","name":"Standard","description":"Institutul de Standardizare din Moldova","publisher":{"@id":"https:\/\/standard.md\/#organization"},"potentialAction":[{"@type":"SearchAction","target":{"@type":"EntryPoint","urlTemplate":"https:\/\/standard.md\/?s={search_term_string}"},"query-input":"required name=search_term_string"}],"inLanguage":"ro-RO"},{"@type":"ImageObject","@id":"https:\/\/standard.md\/?p=14260#primaryimage","inLanguage":"ro-RO","url":"https:\/\/standard.md\/wp-content\/uploads\/2026\/04\/Captura-de-ecran-2026-04-23-140431.png","contentUrl":"https:\/\/standard.md\/wp-content\/uploads\/2026\/04\/Captura-de-ecran-2026-04-23-140431.png","width":1912,"height":1133},{"@type":"WebPage","@id":"https:\/\/standard.md\/?p=14260#webpage","url":"https:\/\/standard.md\/?p=14260","name":"Consolidarea standardiz\u0103rii \u00een domeniul lemnului: ini\u021biativa de creare a unui nou comitet tehnic - Standard","isPartOf":{"@id":"https:\/\/standard.md\/#website"},"primaryImageOfPage":{"@id":"https:\/\/standard.md\/?p=14260#primaryimage"},"datePublished":"2026-04-24T12:23:16+00:00","dateModified":"2026-04-24T12:23:16+00:00","breadcrumb":{"@id":"https:\/\/standard.md\/?p=14260#breadcrumb"},"inLanguage":"ro-RO","potentialAction":[{"@type":"ReadAction","target":["https:\/\/standard.md\/index.php?rest_route=%2Fwp%2Fv2%2Fposts%2F14260"]}]},{"@type":"BreadcrumbList","@id":"https:\/\/standard.md\/?p=14260#breadcrumb","itemListElement":[{"@type":"ListItem","position":1,"name":"Prima pagin\u0103","item":"https:\/\/standard.md\/"},{"@type":"ListItem","position":2,"name":"Consolidarea standardiz\u0103rii \u00een domeniul lemnului: ini\u021biativa de creare a unui nou comitet tehnic"}]},{"@type":"Article","@id":"https:\/\/standard.md\/?p=14260#article","isPartOf":{"@id":"https:\/\/standard.md\/?p=14260#webpage"},"author":{"@id":"https:\/\/standard.md\/#\/schema\/person\/1a74dee86aebda86ed2150d41b1f7561"},"headline":"Consolidarea standardiz\u0103rii \u00een domeniul lemnului: ini\u021biativa de creare a unui nou comitet tehnic","datePublished":"2026-04-24T12:23:16+00:00","dateModified":"2026-04-24T12:23:16+00:00","mainEntityOfPage":{"@id":"https:\/\/standard.md\/?p=14260#webpage"},"wordCount":403,"publisher":{"@id":"https:\/\/standard.md\/#organization"},"image":{"@id":"https:\/\/standard.md\/?p=14260#primaryimage"},"thumbnailUrl":"https:\/\/standard.md\/wp-content\/uploads\/2026\/04\/Captura-de-ecran-2026-04-23-140431.png","articleSection":["Comunicate"],"inLanguage":"ro-RO"},{"@type":"Person","@id":"https:\/\/standard.md\/#\/schema\/person\/1a74dee86aebda86ed2150d41b1f7561","name":"ISM","image":{"@type":"ImageObject","@id":"https:\/\/standard.md\/#personlogo","inLanguage":"ro-RO","url":"https:\/\/secure.gravatar.com\/avatar\/6a21188d695e35aae964dab31af48099?s=96&d=mm&r=g","contentUrl":"https:\/\/secure.gravatar.com\/avatar\/6a21188d695e35aae964dab31af48099?s=96&d=mm&r=g","caption":"ISM"}}]}},"_links":{"self":[{"href":"https:\/\/standard.md\/index.php?rest_route=\/wp\/v2\/posts\/14260"}],"collection":[{"href":"https:\/\/standard.md\/index.php?rest_route=\/wp\/v2\/posts"}],"about":[{"href":"https:\/\/standard.md\/index.php?rest_route=\/wp\/v2\/types\/post"}],"author":[{"embeddable":true,"href":"https:\/\/standard.md\/index.php?rest_route=\/wp\/v2\/users\/3"}],"replies":[{"embeddable":true,"href":"https:\/\/standard.md\/index.php?rest_route=%2Fwp%2Fv2%2Fcomments&post=14260"}],"version-history":[{"count":1,"href":"https:\/\/standard.md\/index.php?rest_route=\/wp\/v2\/posts\/14260\/revisions"}],"predecessor-version":[{"id":14262,"href":"https:\/\/standard.md\/index.php?rest_route=\/wp\/v2\/posts\/14260\/revisions\/14262"}],"wp:featuredmedia":[{"embeddable":true,"href":"https:\/\/standard.md\/index.php?rest_route=\/wp\/v2\/media\/14261"}],"wp:attachment":[{"href":"https:\/\/standard.md\/index.php?rest_route=%2Fwp%2Fv2%2Fmedia&parent=14260"}],"wp:term":[{"taxonomy":"category","embeddable":true,"href":"https:\/\/standard.md\/index.php?rest_route=%2Fwp%2Fv2%2Fcategories&post=14260"},{"taxonomy":"post_tag","embeddable":true,"href":"https:\/\/standard.md\/index.php?rest_route=%2Fwp%2Fv2%2Ftags&post=14260"}],"curies":[{"name":"wp","href":"https:\/\/api.w.org\/{rel}","templated":true}]}}