{"id":14263,"date":"2026-04-27T15:46:24","date_gmt":"2026-04-27T12:46:24","guid":{"rendered":"https:\/\/standard.md\/?p=14263"},"modified":"2026-04-27T15:46:24","modified_gmt":"2026-04-27T12:46:24","slug":"ism-organizeaza-evenimentul-online-dedicat-consolidarii-standardizarii-in-domeniul-industriei-usoare","status":"publish","type":"post","link":"https:\/\/standard.md\/?p=14263","title":{"rendered":"ISM organizeaz\u0103 evenimentul online dedicat consolid\u0103rii standardiz\u0103rii \u00een domeniul industriei u\u0219oare"},"content":{"rendered":"<p>Institutul de Standardizare din Moldova (ISM) invit\u0103 reprezentan\u021bii autorit\u0103\u021bilor publice, mediului de afaceri, institu\u021biilor de cercetare \u0219i mediului academic s\u0103 participe la evenimentul online cu genericul <strong data-start=\"472\" data-end=\"568\">\u201eConsolidarea standardiz\u0103rii \u00een domeniul industriei u\u0219oare: crearea unui nou comitet tehnic\u201d<\/strong>, care va avea loc \u00een data de <strong data-start=\"598\" data-end=\"617\">30 aprilie 2026<\/strong>, \u00eencep\u00e2nd cu ora <strong data-start=\"635\" data-end=\"644\">14:00<\/strong>, pe platforma Zoom.<\/p>\n<p>Evenimentul este organizat \u00een contextul necesit\u0103\u021bii dezvolt\u0103rii cadrului na\u021bional de standardizare \u00een sectorul industriei u\u0219oare \u0219i are drept scop ini\u021bierea procesului de constituire a unui nou comitet tehnic, aliniat la practicile \u0219i modelele europene relevante.<\/p>\n<p data-start=\"1229\" data-end=\"1285\">\u00cen cadrul evenimentului vor fi abordate subiecte precum:<\/p>\n<ul data-start=\"1287\" data-end=\"1584\">\n<li data-section-id=\"21m0ta\" data-start=\"1287\" data-end=\"1379\">practicile europene privind organizarea comitetelor tehnice \u00een domeniul industriei u\u0219oare;<\/li>\n<li data-section-id=\"fem0fx\" data-start=\"1380\" data-end=\"1448\">ini\u021biativa de constituire a Comitetului Tehnic \u201eIndustrie u\u0219oar\u0103\u201d;<\/li>\n<li data-section-id=\"1tju66c\" data-start=\"1449\" data-end=\"1584\">obiectivele, direc\u021biile de activitate \u0219i grupurile de lucru dedicate ale noului comitet tehnic.<\/li>\n<\/ul>\n<p data-start=\"1586\" data-end=\"1806\">Persoanele interesate sunt invitate s\u0103 confirme participarea p\u00e2n\u0103 la data de <strong data-start=\"1663\" data-end=\"1682\">29 aprilie 2026<\/strong>, prin completarea <a href=\"https:\/\/docs.google.com\/forms\/d\/e\/1FAIpQLSc_AEkivmjIC9cmY8e03AK0GTox4T_P6ytGuJN-Ph_rX7hzvQ\/viewform\">formularului de \u00eenscriere<\/a> sau prin prin e-mail la adresa: <a href=\"mailto:anastasia.ceban@standard.md\">anastasia.ceban@standard.md<\/a>, fie la num\u0103rul de telefon: 022 905 326.<\/p>\n<p data-start=\"1586\" data-end=\"1806\">Link-ul de conectare va fi transmis ulterior persoanelor care vor confirma participarea.<\/p>\n<p><\/p>","protected":false},"excerpt":{"rendered":"<p>Institutul de Standardizare din Moldova (ISM) invit\u0103 reprezentan\u021bii autorit\u0103\u021bilor publice, mediului de afaceri, institu\u021biilor de cercetare \u0219i mediului academic s\u0103<\/p>\n","protected":false},"author":3,"featured_media":14264,"comment_status":"closed","ping_status":"closed","sticky":false,"template":"","format":"standard","meta":[],"categories":[1],"tags":[],"yoast_head":"<!-- This site is optimized with the Yoast SEO plugin v18.1 - https:\/\/yoast.com\/wordpress\/plugins\/seo\/ -->\n<title>ISM organizeaz\u0103 evenimentul online dedicat consolid\u0103rii standardiz\u0103rii \u00een domeniul industriei u\u0219oare - Standard<\/title>\n<meta name=\"robots\" content=\"index, follow, max-snippet:-1, max-image-preview:large, max-video-preview:-1\" \/>\n<link rel=\"canonical\" href=\"https:\/\/standard.md\/?p=14263\" \/>\n<meta property=\"og:locale\" content=\"ro_RO\" \/>\n<meta property=\"og:type\" content=\"article\" \/>\n<meta property=\"og:title\" content=\"ISM organizeaz\u0103 evenimentul online dedicat consolid\u0103rii standardiz\u0103rii \u00een domeniul industriei u\u0219oare - Standard\" \/>\n<meta property=\"og:description\" content=\"Institutul de Standardizare din Moldova (ISM) invit\u0103 reprezentan\u021bii autorit\u0103\u021bilor publice, mediului de afaceri, institu\u021biilor de cercetare \u0219i mediului academic s\u0103\" \/>\n<meta property=\"og:url\" content=\"https:\/\/standard.md\/?p=14263\" \/>\n<meta property=\"og:site_name\" content=\"Standard\" \/>\n<meta property=\"article:published_time\" content=\"2026-04-27T12:46:24+00:00\" \/>\n<meta property=\"og:image\" content=\"https:\/\/standard.md\/wp-content\/uploads\/2026\/04\/Institutul-de-Standardizare-din-Moldova-1.jpg\" \/>\n\t<meta property=\"og:image:width\" content=\"1200\" \/>\n\t<meta property=\"og:image:height\" content=\"630\" \/>\n\t<meta property=\"og:image:type\" content=\"image\/jpeg\" \/>\n<meta name=\"twitter:card\" content=\"summary_large_image\" \/>\n<meta name=\"twitter:label1\" content=\"Scris de\" \/>\n\t<meta name=\"twitter:data1\" content=\"ISM\" \/>\n\t<meta name=\"twitter:label2\" content=\"Timp estimat pentru citire\" \/>\n\t<meta name=\"twitter:data2\" content=\"2 minute\" \/>\n<script type=\"application\/ld+json\" class=\"yoast-schema-graph\">{\"@context\":\"https:\/\/schema.org\",\"@graph\":[{\"@type\":\"Organization\",\"@id\":\"https:\/\/standard.md\/#organization\",\"name\":\"ISM\",\"url\":\"https:\/\/standard.md\/\",\"sameAs\":[],\"logo\":{\"@type\":\"ImageObject\",\"@id\":\"https:\/\/standard.md\/#logo\",\"inLanguage\":\"ro-RO\",\"url\":\"https:\/\/standard.md\/wp-content\/uploads\/2022\/09\/logo-ism.jpg\",\"contentUrl\":\"https:\/\/standard.md\/wp-content\/uploads\/2022\/09\/logo-ism.jpg\",\"width\":200,\"height\":200,\"caption\":\"ISM\"},\"image\":{\"@id\":\"https:\/\/standard.md\/#logo\"}},{\"@type\":\"WebSite\",\"@id\":\"https:\/\/standard.md\/#website\",\"url\":\"https:\/\/standard.md\/\",\"name\":\"Standard\",\"description\":\"Institutul de Standardizare din Moldova\",\"publisher\":{\"@id\":\"https:\/\/standard.md\/#organization\"},\"potentialAction\":[{\"@type\":\"SearchAction\",\"target\":{\"@type\":\"EntryPoint\",\"urlTemplate\":\"https:\/\/standard.md\/?s={search_term_string}\"},\"query-input\":\"required name=search_term_string\"}],\"inLanguage\":\"ro-RO\"},{\"@type\":\"ImageObject\",\"@id\":\"https:\/\/standard.md\/?p=14263#primaryimage\",\"inLanguage\":\"ro-RO\",\"url\":\"https:\/\/standard.md\/wp-content\/uploads\/2026\/04\/Institutul-de-Standardizare-din-Moldova-1.jpg\",\"contentUrl\":\"https:\/\/standard.md\/wp-content\/uploads\/2026\/04\/Institutul-de-Standardizare-din-Moldova-1.jpg\",\"width\":1200,\"height\":630},{\"@type\":\"WebPage\",\"@id\":\"https:\/\/standard.md\/?p=14263#webpage\",\"url\":\"https:\/\/standard.md\/?p=14263\",\"name\":\"ISM organizeaz\u0103 evenimentul online dedicat consolid\u0103rii standardiz\u0103rii \u00een domeniul industriei u\u0219oare - Standard\",\"isPartOf\":{\"@id\":\"https:\/\/standard.md\/#website\"},\"primaryImageOfPage\":{\"@id\":\"https:\/\/standard.md\/?p=14263#primaryimage\"},\"datePublished\":\"2026-04-27T12:46:24+00:00\",\"dateModified\":\"2026-04-27T12:46:24+00:00\",\"breadcrumb\":{\"@id\":\"https:\/\/standard.md\/?p=14263#breadcrumb\"},\"inLanguage\":\"ro-RO\",\"potentialAction\":[{\"@type\":\"ReadAction\",\"target\":[\"https:\/\/standard.md\/index.php?rest_route=%2Fwp%2Fv2%2Fposts%2F14263\"]}]},{\"@type\":\"BreadcrumbList\",\"@id\":\"https:\/\/standard.md\/?p=14263#breadcrumb\",\"itemListElement\":[{\"@type\":\"ListItem\",\"position\":1,\"name\":\"Prima pagin\u0103\",\"item\":\"https:\/\/standard.md\/\"},{\"@type\":\"ListItem\",\"position\":2,\"name\":\"ISM organizeaz\u0103 evenimentul online dedicat consolid\u0103rii standardiz\u0103rii \u00een domeniul industriei u\u0219oare\"}]},{\"@type\":\"Article\",\"@id\":\"https:\/\/standard.md\/?p=14263#article\",\"isPartOf\":{\"@id\":\"https:\/\/standard.md\/?p=14263#webpage\"},\"author\":{\"@id\":\"https:\/\/standard.md\/#\/schema\/person\/1a74dee86aebda86ed2150d41b1f7561\"},\"headline\":\"ISM organizeaz\u0103 evenimentul online dedicat consolid\u0103rii standardiz\u0103rii \u00een domeniul industriei u\u0219oare\",\"datePublished\":\"2026-04-27T12:46:24+00:00\",\"dateModified\":\"2026-04-27T12:46:24+00:00\",\"mainEntityOfPage\":{\"@id\":\"https:\/\/standard.md\/?p=14263#webpage\"},\"wordCount\":405,\"publisher\":{\"@id\":\"https:\/\/standard.md\/#organization\"},\"image\":{\"@id\":\"https:\/\/standard.md\/?p=14263#primaryimage\"},\"thumbnailUrl\":\"https:\/\/standard.md\/wp-content\/uploads\/2026\/04\/Institutul-de-Standardizare-din-Moldova-1.jpg\",\"articleSection\":[\"Comunicate\"],\"inLanguage\":\"ro-RO\"},{\"@type\":\"Person\",\"@id\":\"https:\/\/standard.md\/#\/schema\/person\/1a74dee86aebda86ed2150d41b1f7561\",\"name\":\"ISM\",\"image\":{\"@type\":\"ImageObject\",\"@id\":\"https:\/\/standard.md\/#personlogo\",\"inLanguage\":\"ro-RO\",\"url\":\"https:\/\/secure.gravatar.com\/avatar\/6a21188d695e35aae964dab31af48099?s=96&d=mm&r=g\",\"contentUrl\":\"https:\/\/secure.gravatar.com\/avatar\/6a21188d695e35aae964dab31af48099?s=96&d=mm&r=g\",\"caption\":\"ISM\"}}]}<\/script>\n<!-- \/ Yoast SEO plugin. -->","yoast_head_json":{"title":"ISM organizeaz\u0103 evenimentul online dedicat consolid\u0103rii standardiz\u0103rii \u00een domeniul industriei u\u0219oare - Standard","robots":{"index":"index","follow":"follow","max-snippet":"max-snippet:-1","max-image-preview":"max-image-preview:large","max-video-preview":"max-video-preview:-1"},"canonical":"https:\/\/standard.md\/?p=14263","og_locale":"ro_RO","og_type":"article","og_title":"ISM organizeaz\u0103 evenimentul online dedicat consolid\u0103rii standardiz\u0103rii \u00een domeniul industriei u\u0219oare - Standard","og_description":"Institutul de Standardizare din Moldova (ISM) invit\u0103 reprezentan\u021bii autorit\u0103\u021bilor publice, mediului de afaceri, institu\u021biilor de cercetare \u0219i mediului academic s\u0103","og_url":"https:\/\/standard.md\/?p=14263","og_site_name":"Standard","article_published_time":"2026-04-27T12:46:24+00:00","og_image":[{"width":1200,"height":630,"url":"https:\/\/standard.md\/wp-content\/uploads\/2026\/04\/Institutul-de-Standardizare-din-Moldova-1.jpg","type":"image\/jpeg"}],"twitter_card":"summary_large_image","twitter_misc":{"Scris de":"ISM","Timp estimat pentru citire":"2 minute"},"schema":{"@context":"https:\/\/schema.org","@graph":[{"@type":"Organization","@id":"https:\/\/standard.md\/#organization","name":"ISM","url":"https:\/\/standard.md\/","sameAs":[],"logo":{"@type":"ImageObject","@id":"https:\/\/standard.md\/#logo","inLanguage":"ro-RO","url":"https:\/\/standard.md\/wp-content\/uploads\/2022\/09\/logo-ism.jpg","contentUrl":"https:\/\/standard.md\/wp-content\/uploads\/2022\/09\/logo-ism.jpg","width":200,"height":200,"caption":"ISM"},"image":{"@id":"https:\/\/standard.md\/#logo"}},{"@type":"WebSite","@id":"https:\/\/standard.md\/#website","url":"https:\/\/standard.md\/","name":"Standard","description":"Institutul de Standardizare din Moldova","publisher":{"@id":"https:\/\/standard.md\/#organization"},"potentialAction":[{"@type":"SearchAction","target":{"@type":"EntryPoint","urlTemplate":"https:\/\/standard.md\/?s={search_term_string}"},"query-input":"required name=search_term_string"}],"inLanguage":"ro-RO"},{"@type":"ImageObject","@id":"https:\/\/standard.md\/?p=14263#primaryimage","inLanguage":"ro-RO","url":"https:\/\/standard.md\/wp-content\/uploads\/2026\/04\/Institutul-de-Standardizare-din-Moldova-1.jpg","contentUrl":"https:\/\/standard.md\/wp-content\/uploads\/2026\/04\/Institutul-de-Standardizare-din-Moldova-1.jpg","width":1200,"height":630},{"@type":"WebPage","@id":"https:\/\/standard.md\/?p=14263#webpage","url":"https:\/\/standard.md\/?p=14263","name":"ISM organizeaz\u0103 evenimentul online dedicat consolid\u0103rii standardiz\u0103rii \u00een domeniul industriei u\u0219oare - Standard","isPartOf":{"@id":"https:\/\/standard.md\/#website"},"primaryImageOfPage":{"@id":"https:\/\/standard.md\/?p=14263#primaryimage"},"datePublished":"2026-04-27T12:46:24+00:00","dateModified":"2026-04-27T12:46:24+00:00","breadcrumb":{"@id":"https:\/\/standard.md\/?p=14263#breadcrumb"},"inLanguage":"ro-RO","potentialAction":[{"@type":"ReadAction","target":["https:\/\/standard.md\/index.php?rest_route=%2Fwp%2Fv2%2Fposts%2F14263"]}]},{"@type":"BreadcrumbList","@id":"https:\/\/standard.md\/?p=14263#breadcrumb","itemListElement":[{"@type":"ListItem","position":1,"name":"Prima pagin\u0103","item":"https:\/\/standard.md\/"},{"@type":"ListItem","position":2,"name":"ISM organizeaz\u0103 evenimentul online dedicat consolid\u0103rii standardiz\u0103rii \u00een domeniul industriei u\u0219oare"}]},{"@type":"Article","@id":"https:\/\/standard.md\/?p=14263#article","isPartOf":{"@id":"https:\/\/standard.md\/?p=14263#webpage"},"author":{"@id":"https:\/\/standard.md\/#\/schema\/person\/1a74dee86aebda86ed2150d41b1f7561"},"headline":"ISM organizeaz\u0103 evenimentul online dedicat consolid\u0103rii standardiz\u0103rii \u00een domeniul industriei u\u0219oare","datePublished":"2026-04-27T12:46:24+00:00","dateModified":"2026-04-27T12:46:24+00:00","mainEntityOfPage":{"@id":"https:\/\/standard.md\/?p=14263#webpage"},"wordCount":405,"publisher":{"@id":"https:\/\/standard.md\/#organization"},"image":{"@id":"https:\/\/standard.md\/?p=14263#primaryimage"},"thumbnailUrl":"https:\/\/standard.md\/wp-content\/uploads\/2026\/04\/Institutul-de-Standardizare-din-Moldova-1.jpg","articleSection":["Comunicate"],"inLanguage":"ro-RO"},{"@type":"Person","@id":"https:\/\/standard.md\/#\/schema\/person\/1a74dee86aebda86ed2150d41b1f7561","name":"ISM","image":{"@type":"ImageObject","@id":"https:\/\/standard.md\/#personlogo","inLanguage":"ro-RO","url":"https:\/\/secure.gravatar.com\/avatar\/6a21188d695e35aae964dab31af48099?s=96&d=mm&r=g","contentUrl":"https:\/\/secure.gravatar.com\/avatar\/6a21188d695e35aae964dab31af48099?s=96&d=mm&r=g","caption":"ISM"}}]}},"_links":{"self":[{"href":"https:\/\/standard.md\/index.php?rest_route=\/wp\/v2\/posts\/14263"}],"collection":[{"href":"https:\/\/standard.md\/index.php?rest_route=\/wp\/v2\/posts"}],"about":[{"href":"https:\/\/standard.md\/index.php?rest_route=\/wp\/v2\/types\/post"}],"author":[{"embeddable":true,"href":"https:\/\/standard.md\/index.php?rest_route=\/wp\/v2\/users\/3"}],"replies":[{"embeddable":true,"href":"https:\/\/standard.md\/index.php?rest_route=%2Fwp%2Fv2%2Fcomments&post=14263"}],"version-history":[{"count":1,"href":"https:\/\/standard.md\/index.php?rest_route=\/wp\/v2\/posts\/14263\/revisions"}],"predecessor-version":[{"id":14265,"href":"https:\/\/standard.md\/index.php?rest_route=\/wp\/v2\/posts\/14263\/revisions\/14265"}],"wp:featuredmedia":[{"embeddable":true,"href":"https:\/\/standard.md\/index.php?rest_route=\/wp\/v2\/media\/14264"}],"wp:attachment":[{"href":"https:\/\/standard.md\/index.php?rest_route=%2Fwp%2Fv2%2Fmedia&parent=14263"}],"wp:term":[{"taxonomy":"category","embeddable":true,"href":"https:\/\/standard.md\/index.php?rest_route=%2Fwp%2Fv2%2Fcategories&post=14263"},{"taxonomy":"post_tag","embeddable":true,"href":"https:\/\/standard.md\/index.php?rest_route=%2Fwp%2Fv2%2Ftags&post=14263"}],"curies":[{"name":"wp","href":"https:\/\/api.w.org\/{rel}","templated":true}]}}