{"id":6121,"date":"2021-09-27T09:23:02","date_gmt":"2021-09-27T06:23:02","guid":{"rendered":"https:\/\/standard.md\/?p=6121"},"modified":"2021-11-24T14:56:36","modified_gmt":"2021-11-24T12:56:36","slug":"ziua-mondiala-a-turismului","status":"publish","type":"post","link":"https:\/\/standard.md\/?p=6121","title":{"rendered":"Ziua Mondial\u0103 a Turismului"},"content":{"rendered":"<p>Anual, \u00een data de 27 septembrie este s\u0103rb\u0103torit\u0103 \u201eZiua Mondial\u0103 a Turismului\u201d. Scopul acesteia rezid\u0103 \u00een a crea o comunitate interna\u021bional\u0103 con\u0219tient\u0103 de rolul turismului \u0219i de impactul s\u0103u asupra valorilor sociale, politice, economice \u0219i culturale ale oamenilor din \u00eentreaga lume.<\/p>\n<p>Conceptul s\u0103rb\u0103torii rezid\u0103 \u00een abordarea provoc\u0103rilor globale eviden\u021biate \u00een Agenda 2030 pentru Dezvoltare Durabil\u0103 \u0219i punerea \u00een discu\u021bie a modului \u00een care industria turismului contribuie la realizarea Obiectivelor de Dezvoltare Durabil\u0103.<\/p>\n<p>\u00cen acest an, ca un apel la suport \u0219i solidaritate pentru \u00eentreprinderile din domeniul turismului, a fost lansat\u0103 campania \u201eCuraj Turism Moldova\u201d.<\/p>\n<p>Pentru a beneficia de standardele \u00een domeniu, accesa\u021bi www.shop.standard.md.<\/p>\n<p><iframe loading=\"lazy\" title=\"Ziua Mondial\u0103 a Turismului\" width=\"500\" height=\"281\" src=\"https:\/\/www.youtube.com\/embed\/7ks8GDH7LII?feature=oembed\" frameborder=\"0\" allow=\"accelerometer; autoplay; clipboard-write; encrypted-media; gyroscope; picture-in-picture\" allowfullscreen><\/iframe><\/p>\n","protected":false},"excerpt":{"rendered":"<p>Anual, \u00een data de 27 septembrie este s\u0103rb\u0103torit\u0103 \u201eZiua Mondial\u0103 a Turismului\u201d. Scopul acesteia rezid\u0103 \u00een a crea o comunitate<\/p>\n","protected":false},"author":5,"featured_media":6668,"comment_status":"open","ping_status":"open","sticky":false,"template":"","format":"standard","meta":[],"categories":[98],"tags":[],"yoast_head":"<!-- This site is optimized with the Yoast SEO plugin v18.1 - https:\/\/yoast.com\/wordpress\/plugins\/seo\/ -->\n<title>Ziua Mondial\u0103 a Turismului - Standard<\/title>\n<meta name=\"robots\" content=\"index, follow, max-snippet:-1, max-image-preview:large, max-video-preview:-1\" \/>\n<link rel=\"canonical\" href=\"https:\/\/standard.md\/?p=6121\" \/>\n<meta property=\"og:locale\" content=\"ro_RO\" \/>\n<meta property=\"og:type\" content=\"article\" \/>\n<meta property=\"og:title\" content=\"Ziua Mondial\u0103 a Turismului - Standard\" \/>\n<meta property=\"og:description\" content=\"Anual, \u00een data de 27 septembrie este s\u0103rb\u0103torit\u0103 \u201eZiua Mondial\u0103 a Turismului\u201d. Scopul acesteia rezid\u0103 \u00een a crea o comunitate\" \/>\n<meta property=\"og:url\" content=\"https:\/\/standard.md\/?p=6121\" \/>\n<meta property=\"og:site_name\" content=\"Standard\" \/>\n<meta property=\"article:published_time\" content=\"2021-09-27T06:23:02+00:00\" \/>\n<meta property=\"article:modified_time\" content=\"2021-11-24T12:56:36+00:00\" \/>\n<meta property=\"og:image\" content=\"https:\/\/standard.md\/wp-content\/uploads\/2021\/09\/\u0421\u043d\u0438\u043c\u043e\u043a-\u044d\u043a\u0440\u0430\u043d\u0430-4.png\" \/>\n\t<meta property=\"og:image:width\" content=\"1600\" \/>\n\t<meta property=\"og:image:height\" content=\"817\" \/>\n\t<meta property=\"og:image:type\" content=\"image\/png\" \/>\n<meta name=\"twitter:card\" content=\"summary_large_image\" \/>\n<meta name=\"twitter:label1\" content=\"Scris de\" \/>\n\t<meta name=\"twitter:data1\" content=\"Istrate Lena-Maria\" \/>\n\t<meta name=\"twitter:label2\" content=\"Timp estimat pentru citire\" \/>\n\t<meta name=\"twitter:data2\" content=\"1 minut\" \/>\n<script type=\"application\/ld+json\" class=\"yoast-schema-graph\">{\"@context\":\"https:\/\/schema.org\",\"@graph\":[{\"@type\":\"Organization\",\"@id\":\"https:\/\/standard.md\/#organization\",\"name\":\"ISM\",\"url\":\"https:\/\/standard.md\/\",\"sameAs\":[],\"logo\":{\"@type\":\"ImageObject\",\"@id\":\"https:\/\/standard.md\/#logo\",\"inLanguage\":\"ro-RO\",\"url\":\"https:\/\/standard.md\/wp-content\/uploads\/2022\/09\/logo-ism.jpg\",\"contentUrl\":\"https:\/\/standard.md\/wp-content\/uploads\/2022\/09\/logo-ism.jpg\",\"width\":200,\"height\":200,\"caption\":\"ISM\"},\"image\":{\"@id\":\"https:\/\/standard.md\/#logo\"}},{\"@type\":\"WebSite\",\"@id\":\"https:\/\/standard.md\/#website\",\"url\":\"https:\/\/standard.md\/\",\"name\":\"Standard\",\"description\":\"Institutul de Standardizare din Moldova\",\"publisher\":{\"@id\":\"https:\/\/standard.md\/#organization\"},\"potentialAction\":[{\"@type\":\"SearchAction\",\"target\":{\"@type\":\"EntryPoint\",\"urlTemplate\":\"https:\/\/standard.md\/?s={search_term_string}\"},\"query-input\":\"required name=search_term_string\"}],\"inLanguage\":\"ro-RO\"},{\"@type\":\"ImageObject\",\"@id\":\"https:\/\/standard.md\/?p=6121#primaryimage\",\"inLanguage\":\"ro-RO\",\"url\":\"https:\/\/standard.md\/wp-content\/uploads\/2021\/09\/\u0421\u043d\u0438\u043c\u043e\u043a-\u044d\u043a\u0440\u0430\u043d\u0430-4.png\",\"contentUrl\":\"https:\/\/standard.md\/wp-content\/uploads\/2021\/09\/\u0421\u043d\u0438\u043c\u043e\u043a-\u044d\u043a\u0440\u0430\u043d\u0430-4.png\",\"width\":1600,\"height\":817},{\"@type\":\"WebPage\",\"@id\":\"https:\/\/standard.md\/?p=6121#webpage\",\"url\":\"https:\/\/standard.md\/?p=6121\",\"name\":\"Ziua Mondial\u0103 a Turismului - Standard\",\"isPartOf\":{\"@id\":\"https:\/\/standard.md\/#website\"},\"primaryImageOfPage\":{\"@id\":\"https:\/\/standard.md\/?p=6121#primaryimage\"},\"datePublished\":\"2021-09-27T06:23:02+00:00\",\"dateModified\":\"2021-11-24T12:56:36+00:00\",\"breadcrumb\":{\"@id\":\"https:\/\/standard.md\/?p=6121#breadcrumb\"},\"inLanguage\":\"ro-RO\",\"potentialAction\":[{\"@type\":\"ReadAction\",\"target\":[\"https:\/\/standard.md\/index.php?rest_route=%2Fwp%2Fv2%2Fposts%2F6121\"]}]},{\"@type\":\"BreadcrumbList\",\"@id\":\"https:\/\/standard.md\/?p=6121#breadcrumb\",\"itemListElement\":[{\"@type\":\"ListItem\",\"position\":1,\"name\":\"Prima pagin\u0103\",\"item\":\"https:\/\/standard.md\/\"},{\"@type\":\"ListItem\",\"position\":2,\"name\":\"Ziua Mondial\u0103 a Turismului\"}]},{\"@type\":\"Article\",\"@id\":\"https:\/\/standard.md\/?p=6121#article\",\"isPartOf\":{\"@id\":\"https:\/\/standard.md\/?p=6121#webpage\"},\"author\":{\"@id\":\"https:\/\/standard.md\/#\/schema\/person\/48fd99c081a9a7c39db191e5c2736178\"},\"headline\":\"Ziua Mondial\u0103 a Turismului\",\"datePublished\":\"2021-09-27T06:23:02+00:00\",\"dateModified\":\"2021-11-24T12:56:36+00:00\",\"mainEntityOfPage\":{\"@id\":\"https:\/\/standard.md\/?p=6121#webpage\"},\"wordCount\":125,\"commentCount\":0,\"publisher\":{\"@id\":\"https:\/\/standard.md\/#organization\"},\"image\":{\"@id\":\"https:\/\/standard.md\/?p=6121#primaryimage\"},\"thumbnailUrl\":\"https:\/\/standard.md\/wp-content\/uploads\/2021\/09\/\u0421\u043d\u0438\u043c\u043e\u043a-\u044d\u043a\u0440\u0430\u043d\u0430-4.png\",\"articleSection\":[\"Video\"],\"inLanguage\":\"ro-RO\",\"potentialAction\":[{\"@type\":\"CommentAction\",\"name\":\"Comment\",\"target\":[\"https:\/\/standard.md\/?p=6121#respond\"]}]},{\"@type\":\"Person\",\"@id\":\"https:\/\/standard.md\/#\/schema\/person\/48fd99c081a9a7c39db191e5c2736178\",\"name\":\"Istrate Lena-Maria\",\"image\":{\"@type\":\"ImageObject\",\"@id\":\"https:\/\/standard.md\/#personlogo\",\"inLanguage\":\"ro-RO\",\"url\":\"https:\/\/secure.gravatar.com\/avatar\/7f250b744ca82497db3b0241fceaff80?s=96&d=mm&r=g\",\"contentUrl\":\"https:\/\/secure.gravatar.com\/avatar\/7f250b744ca82497db3b0241fceaff80?s=96&d=mm&r=g\",\"caption\":\"Istrate Lena-Maria\"},\"sameAs\":[\"http:\/\/standard\"]}]}<\/script>\n<!-- \/ Yoast SEO plugin. -->","yoast_head_json":{"title":"Ziua Mondial\u0103 a Turismului - Standard","robots":{"index":"index","follow":"follow","max-snippet":"max-snippet:-1","max-image-preview":"max-image-preview:large","max-video-preview":"max-video-preview:-1"},"canonical":"https:\/\/standard.md\/?p=6121","og_locale":"ro_RO","og_type":"article","og_title":"Ziua Mondial\u0103 a Turismului - Standard","og_description":"Anual, \u00een data de 27 septembrie este s\u0103rb\u0103torit\u0103 \u201eZiua Mondial\u0103 a Turismului\u201d. Scopul acesteia rezid\u0103 \u00een a crea o comunitate","og_url":"https:\/\/standard.md\/?p=6121","og_site_name":"Standard","article_published_time":"2021-09-27T06:23:02+00:00","article_modified_time":"2021-11-24T12:56:36+00:00","og_image":[{"width":1600,"height":817,"url":"https:\/\/standard.md\/wp-content\/uploads\/2021\/09\/\u0421\u043d\u0438\u043c\u043e\u043a-\u044d\u043a\u0440\u0430\u043d\u0430-4.png","type":"image\/png"}],"twitter_card":"summary_large_image","twitter_misc":{"Scris de":"Istrate Lena-Maria","Timp estimat pentru citire":"1 minut"},"schema":{"@context":"https:\/\/schema.org","@graph":[{"@type":"Organization","@id":"https:\/\/standard.md\/#organization","name":"ISM","url":"https:\/\/standard.md\/","sameAs":[],"logo":{"@type":"ImageObject","@id":"https:\/\/standard.md\/#logo","inLanguage":"ro-RO","url":"https:\/\/standard.md\/wp-content\/uploads\/2022\/09\/logo-ism.jpg","contentUrl":"https:\/\/standard.md\/wp-content\/uploads\/2022\/09\/logo-ism.jpg","width":200,"height":200,"caption":"ISM"},"image":{"@id":"https:\/\/standard.md\/#logo"}},{"@type":"WebSite","@id":"https:\/\/standard.md\/#website","url":"https:\/\/standard.md\/","name":"Standard","description":"Institutul de Standardizare din Moldova","publisher":{"@id":"https:\/\/standard.md\/#organization"},"potentialAction":[{"@type":"SearchAction","target":{"@type":"EntryPoint","urlTemplate":"https:\/\/standard.md\/?s={search_term_string}"},"query-input":"required name=search_term_string"}],"inLanguage":"ro-RO"},{"@type":"ImageObject","@id":"https:\/\/standard.md\/?p=6121#primaryimage","inLanguage":"ro-RO","url":"https:\/\/standard.md\/wp-content\/uploads\/2021\/09\/\u0421\u043d\u0438\u043c\u043e\u043a-\u044d\u043a\u0440\u0430\u043d\u0430-4.png","contentUrl":"https:\/\/standard.md\/wp-content\/uploads\/2021\/09\/\u0421\u043d\u0438\u043c\u043e\u043a-\u044d\u043a\u0440\u0430\u043d\u0430-4.png","width":1600,"height":817},{"@type":"WebPage","@id":"https:\/\/standard.md\/?p=6121#webpage","url":"https:\/\/standard.md\/?p=6121","name":"Ziua Mondial\u0103 a Turismului - Standard","isPartOf":{"@id":"https:\/\/standard.md\/#website"},"primaryImageOfPage":{"@id":"https:\/\/standard.md\/?p=6121#primaryimage"},"datePublished":"2021-09-27T06:23:02+00:00","dateModified":"2021-11-24T12:56:36+00:00","breadcrumb":{"@id":"https:\/\/standard.md\/?p=6121#breadcrumb"},"inLanguage":"ro-RO","potentialAction":[{"@type":"ReadAction","target":["https:\/\/standard.md\/index.php?rest_route=%2Fwp%2Fv2%2Fposts%2F6121"]}]},{"@type":"BreadcrumbList","@id":"https:\/\/standard.md\/?p=6121#breadcrumb","itemListElement":[{"@type":"ListItem","position":1,"name":"Prima pagin\u0103","item":"https:\/\/standard.md\/"},{"@type":"ListItem","position":2,"name":"Ziua Mondial\u0103 a Turismului"}]},{"@type":"Article","@id":"https:\/\/standard.md\/?p=6121#article","isPartOf":{"@id":"https:\/\/standard.md\/?p=6121#webpage"},"author":{"@id":"https:\/\/standard.md\/#\/schema\/person\/48fd99c081a9a7c39db191e5c2736178"},"headline":"Ziua Mondial\u0103 a Turismului","datePublished":"2021-09-27T06:23:02+00:00","dateModified":"2021-11-24T12:56:36+00:00","mainEntityOfPage":{"@id":"https:\/\/standard.md\/?p=6121#webpage"},"wordCount":125,"commentCount":0,"publisher":{"@id":"https:\/\/standard.md\/#organization"},"image":{"@id":"https:\/\/standard.md\/?p=6121#primaryimage"},"thumbnailUrl":"https:\/\/standard.md\/wp-content\/uploads\/2021\/09\/\u0421\u043d\u0438\u043c\u043e\u043a-\u044d\u043a\u0440\u0430\u043d\u0430-4.png","articleSection":["Video"],"inLanguage":"ro-RO","potentialAction":[{"@type":"CommentAction","name":"Comment","target":["https:\/\/standard.md\/?p=6121#respond"]}]},{"@type":"Person","@id":"https:\/\/standard.md\/#\/schema\/person\/48fd99c081a9a7c39db191e5c2736178","name":"Istrate Lena-Maria","image":{"@type":"ImageObject","@id":"https:\/\/standard.md\/#personlogo","inLanguage":"ro-RO","url":"https:\/\/secure.gravatar.com\/avatar\/7f250b744ca82497db3b0241fceaff80?s=96&d=mm&r=g","contentUrl":"https:\/\/secure.gravatar.com\/avatar\/7f250b744ca82497db3b0241fceaff80?s=96&d=mm&r=g","caption":"Istrate Lena-Maria"},"sameAs":["http:\/\/standard"]}]}},"_links":{"self":[{"href":"https:\/\/standard.md\/index.php?rest_route=\/wp\/v2\/posts\/6121"}],"collection":[{"href":"https:\/\/standard.md\/index.php?rest_route=\/wp\/v2\/posts"}],"about":[{"href":"https:\/\/standard.md\/index.php?rest_route=\/wp\/v2\/types\/post"}],"author":[{"embeddable":true,"href":"https:\/\/standard.md\/index.php?rest_route=\/wp\/v2\/users\/5"}],"replies":[{"embeddable":true,"href":"https:\/\/standard.md\/index.php?rest_route=%2Fwp%2Fv2%2Fcomments&post=6121"}],"version-history":[{"count":1,"href":"https:\/\/standard.md\/index.php?rest_route=\/wp\/v2\/posts\/6121\/revisions"}],"predecessor-version":[{"id":6122,"href":"https:\/\/standard.md\/index.php?rest_route=\/wp\/v2\/posts\/6121\/revisions\/6122"}],"wp:featuredmedia":[{"embeddable":true,"href":"https:\/\/standard.md\/index.php?rest_route=\/wp\/v2\/media\/6668"}],"wp:attachment":[{"href":"https:\/\/standard.md\/index.php?rest_route=%2Fwp%2Fv2%2Fmedia&parent=6121"}],"wp:term":[{"taxonomy":"category","embeddable":true,"href":"https:\/\/standard.md\/index.php?rest_route=%2Fwp%2Fv2%2Fcategories&post=6121"},{"taxonomy":"post_tag","embeddable":true,"href":"https:\/\/standard.md\/index.php?rest_route=%2Fwp%2Fv2%2Ftags&post=6121"}],"curies":[{"name":"wp","href":"https:\/\/api.w.org\/{rel}","templated":true}]}}