{"id":6141,"date":"2021-10-01T08:16:32","date_gmt":"2021-10-01T05:16:32","guid":{"rendered":"https:\/\/standard.md\/?p=6141"},"modified":"2021-11-24T14:47:37","modified_gmt":"2021-11-24T12:47:37","slug":"universitatea-de-stat-din-moldova-75-de-ani","status":"publish","type":"post","link":"https:\/\/standard.md\/?p=6141","title":{"rendered":"Universitatea de Stat din Moldova \u2013 75 de ani"},"content":{"rendered":"<p>Cu ocazia \u00eemplinirii a 75 de ani de la fondarea Universit\u0103\u021bii de Stat din Moldova (USM), Institutul de Standardizare din Moldova (ISM) transmite sincere \u0219i cordiale felicit\u0103ri \u0219i ur\u0103ri de bine cadrelor didactice, studen\u0163ilor \u015fi absolven\u0163ilor.<\/p>\n<p>Fiind prima institu\u021bie de \u00eenv\u0103\u021b\u0103m\u00e2nt superior cu statut de universitate, \u00eenfiin\u021bat\u0103 \u00een Republica Moldova, USM reprezint\u0103 un pilon de baz\u0103 pentru dezvoltarea \u0219i consolidarea \u00eenv\u0103\u021b\u0103m\u00e2ntului superior din \u021bar\u0103. Cu aceast\u0103 ocazie, n<em>e <\/em>exprim\u0103m considera\u0163ia pentru activitatea desf\u0103\u015furat\u0103 de-a lungul timpului de profesorii \u015fi cercet\u0103torii din cadrul institu\u021biei \u00een numele cre\u0219terii \u0219i educ\u0103rii genera\u021biilor noi, purt\u00e2nd cu demnitate sloganul reprezentativ \u201eAlma Mater\u201d.<\/p>\n<p>Cu prilejul solemnei s\u0103rb\u0103tori, noi, colectivul ISM, ne exprim\u0103m profunda recuno\u0219tin\u021b\u0103 \u0219i venim cu urm\u0103torul <em>mesaj de felicitare:<\/em><\/p>\n<p><iframe loading=\"lazy\" title=\"Universitatea de Stat din Moldova \u2013 75 de ani\" width=\"500\" height=\"281\" src=\"https:\/\/www.youtube.com\/embed\/mSvPNnsGuvk?feature=oembed\" frameborder=\"0\" allow=\"accelerometer; autoplay; clipboard-write; encrypted-media; gyroscope; picture-in-picture\" allowfullscreen><\/iframe><\/p>\n","protected":false},"excerpt":{"rendered":"<p>Cu ocazia \u00eemplinirii a 75 de ani de la fondarea Universit\u0103\u021bii de Stat din Moldova (USM), Institutul de Standardizare din<\/p>\n","protected":false},"author":5,"featured_media":6143,"comment_status":"open","ping_status":"open","sticky":false,"template":"","format":"standard","meta":[],"categories":[98],"tags":[],"yoast_head":"<!-- This site is optimized with the Yoast SEO plugin v18.1 - https:\/\/yoast.com\/wordpress\/plugins\/seo\/ -->\n<title>Universitatea de Stat din Moldova \u2013 75 de ani - Standard<\/title>\n<meta name=\"robots\" content=\"index, follow, max-snippet:-1, max-image-preview:large, max-video-preview:-1\" \/>\n<link rel=\"canonical\" href=\"https:\/\/standard.md\/?p=6141\" \/>\n<meta property=\"og:locale\" content=\"ro_RO\" \/>\n<meta property=\"og:type\" content=\"article\" \/>\n<meta property=\"og:title\" content=\"Universitatea de Stat din Moldova \u2013 75 de ani - Standard\" \/>\n<meta property=\"og:description\" content=\"Cu ocazia \u00eemplinirii a 75 de ani de la fondarea Universit\u0103\u021bii de Stat din Moldova (USM), Institutul de Standardizare din\" \/>\n<meta property=\"og:url\" content=\"https:\/\/standard.md\/?p=6141\" \/>\n<meta property=\"og:site_name\" content=\"Standard\" \/>\n<meta property=\"article:published_time\" content=\"2021-10-01T05:16:32+00:00\" \/>\n<meta property=\"article:modified_time\" content=\"2021-11-24T12:47:37+00:00\" \/>\n<meta property=\"og:image\" content=\"https:\/\/standard.md\/wp-content\/uploads\/2021\/10\/usm-ism-imagine.jpg\" \/>\n\t<meta property=\"og:image:width\" content=\"842\" \/>\n\t<meta property=\"og:image:height\" content=\"595\" \/>\n\t<meta property=\"og:image:type\" content=\"image\/jpeg\" \/>\n<meta name=\"twitter:card\" content=\"summary_large_image\" \/>\n<meta name=\"twitter:label1\" content=\"Scris de\" \/>\n\t<meta name=\"twitter:data1\" content=\"Istrate Lena-Maria\" \/>\n\t<meta name=\"twitter:label2\" content=\"Timp estimat pentru citire\" \/>\n\t<meta name=\"twitter:data2\" content=\"1 minut\" \/>\n<script type=\"application\/ld+json\" class=\"yoast-schema-graph\">{\"@context\":\"https:\/\/schema.org\",\"@graph\":[{\"@type\":\"Organization\",\"@id\":\"https:\/\/standard.md\/#organization\",\"name\":\"ISM\",\"url\":\"https:\/\/standard.md\/\",\"sameAs\":[],\"logo\":{\"@type\":\"ImageObject\",\"@id\":\"https:\/\/standard.md\/#logo\",\"inLanguage\":\"ro-RO\",\"url\":\"https:\/\/standard.md\/wp-content\/uploads\/2022\/09\/logo-ism.jpg\",\"contentUrl\":\"https:\/\/standard.md\/wp-content\/uploads\/2022\/09\/logo-ism.jpg\",\"width\":200,\"height\":200,\"caption\":\"ISM\"},\"image\":{\"@id\":\"https:\/\/standard.md\/#logo\"}},{\"@type\":\"WebSite\",\"@id\":\"https:\/\/standard.md\/#website\",\"url\":\"https:\/\/standard.md\/\",\"name\":\"Standard\",\"description\":\"Institutul de Standardizare din Moldova\",\"publisher\":{\"@id\":\"https:\/\/standard.md\/#organization\"},\"potentialAction\":[{\"@type\":\"SearchAction\",\"target\":{\"@type\":\"EntryPoint\",\"urlTemplate\":\"https:\/\/standard.md\/?s={search_term_string}\"},\"query-input\":\"required name=search_term_string\"}],\"inLanguage\":\"ro-RO\"},{\"@type\":\"ImageObject\",\"@id\":\"https:\/\/standard.md\/?p=6141#primaryimage\",\"inLanguage\":\"ro-RO\",\"url\":\"https:\/\/standard.md\/wp-content\/uploads\/2021\/10\/usm-ism-imagine.jpg\",\"contentUrl\":\"https:\/\/standard.md\/wp-content\/uploads\/2021\/10\/usm-ism-imagine.jpg\",\"width\":842,\"height\":595},{\"@type\":\"WebPage\",\"@id\":\"https:\/\/standard.md\/?p=6141#webpage\",\"url\":\"https:\/\/standard.md\/?p=6141\",\"name\":\"Universitatea de Stat din Moldova \u2013 75 de ani - Standard\",\"isPartOf\":{\"@id\":\"https:\/\/standard.md\/#website\"},\"primaryImageOfPage\":{\"@id\":\"https:\/\/standard.md\/?p=6141#primaryimage\"},\"datePublished\":\"2021-10-01T05:16:32+00:00\",\"dateModified\":\"2021-11-24T12:47:37+00:00\",\"breadcrumb\":{\"@id\":\"https:\/\/standard.md\/?p=6141#breadcrumb\"},\"inLanguage\":\"ro-RO\",\"potentialAction\":[{\"@type\":\"ReadAction\",\"target\":[\"https:\/\/standard.md\/index.php?rest_route=%2Fwp%2Fv2%2Fposts%2F6141\"]}]},{\"@type\":\"BreadcrumbList\",\"@id\":\"https:\/\/standard.md\/?p=6141#breadcrumb\",\"itemListElement\":[{\"@type\":\"ListItem\",\"position\":1,\"name\":\"Prima pagin\u0103\",\"item\":\"https:\/\/standard.md\/\"},{\"@type\":\"ListItem\",\"position\":2,\"name\":\"Universitatea de Stat din Moldova \u2013 75 de ani\"}]},{\"@type\":\"Article\",\"@id\":\"https:\/\/standard.md\/?p=6141#article\",\"isPartOf\":{\"@id\":\"https:\/\/standard.md\/?p=6141#webpage\"},\"author\":{\"@id\":\"https:\/\/standard.md\/#\/schema\/person\/48fd99c081a9a7c39db191e5c2736178\"},\"headline\":\"Universitatea de Stat din Moldova \u2013 75 de ani\",\"datePublished\":\"2021-10-01T05:16:32+00:00\",\"dateModified\":\"2021-11-24T12:47:37+00:00\",\"mainEntityOfPage\":{\"@id\":\"https:\/\/standard.md\/?p=6141#webpage\"},\"wordCount\":150,\"commentCount\":0,\"publisher\":{\"@id\":\"https:\/\/standard.md\/#organization\"},\"image\":{\"@id\":\"https:\/\/standard.md\/?p=6141#primaryimage\"},\"thumbnailUrl\":\"https:\/\/standard.md\/wp-content\/uploads\/2021\/10\/usm-ism-imagine.jpg\",\"articleSection\":[\"Video\"],\"inLanguage\":\"ro-RO\",\"potentialAction\":[{\"@type\":\"CommentAction\",\"name\":\"Comment\",\"target\":[\"https:\/\/standard.md\/?p=6141#respond\"]}]},{\"@type\":\"Person\",\"@id\":\"https:\/\/standard.md\/#\/schema\/person\/48fd99c081a9a7c39db191e5c2736178\",\"name\":\"Istrate Lena-Maria\",\"image\":{\"@type\":\"ImageObject\",\"@id\":\"https:\/\/standard.md\/#personlogo\",\"inLanguage\":\"ro-RO\",\"url\":\"https:\/\/secure.gravatar.com\/avatar\/7f250b744ca82497db3b0241fceaff80?s=96&d=mm&r=g\",\"contentUrl\":\"https:\/\/secure.gravatar.com\/avatar\/7f250b744ca82497db3b0241fceaff80?s=96&d=mm&r=g\",\"caption\":\"Istrate Lena-Maria\"},\"sameAs\":[\"http:\/\/standard\"]}]}<\/script>\n<!-- \/ Yoast SEO plugin. -->","yoast_head_json":{"title":"Universitatea de Stat din Moldova \u2013 75 de ani - Standard","robots":{"index":"index","follow":"follow","max-snippet":"max-snippet:-1","max-image-preview":"max-image-preview:large","max-video-preview":"max-video-preview:-1"},"canonical":"https:\/\/standard.md\/?p=6141","og_locale":"ro_RO","og_type":"article","og_title":"Universitatea de Stat din Moldova \u2013 75 de ani - Standard","og_description":"Cu ocazia \u00eemplinirii a 75 de ani de la fondarea Universit\u0103\u021bii de Stat din Moldova (USM), Institutul de Standardizare din","og_url":"https:\/\/standard.md\/?p=6141","og_site_name":"Standard","article_published_time":"2021-10-01T05:16:32+00:00","article_modified_time":"2021-11-24T12:47:37+00:00","og_image":[{"width":842,"height":595,"url":"https:\/\/standard.md\/wp-content\/uploads\/2021\/10\/usm-ism-imagine.jpg","type":"image\/jpeg"}],"twitter_card":"summary_large_image","twitter_misc":{"Scris de":"Istrate Lena-Maria","Timp estimat pentru citire":"1 minut"},"schema":{"@context":"https:\/\/schema.org","@graph":[{"@type":"Organization","@id":"https:\/\/standard.md\/#organization","name":"ISM","url":"https:\/\/standard.md\/","sameAs":[],"logo":{"@type":"ImageObject","@id":"https:\/\/standard.md\/#logo","inLanguage":"ro-RO","url":"https:\/\/standard.md\/wp-content\/uploads\/2022\/09\/logo-ism.jpg","contentUrl":"https:\/\/standard.md\/wp-content\/uploads\/2022\/09\/logo-ism.jpg","width":200,"height":200,"caption":"ISM"},"image":{"@id":"https:\/\/standard.md\/#logo"}},{"@type":"WebSite","@id":"https:\/\/standard.md\/#website","url":"https:\/\/standard.md\/","name":"Standard","description":"Institutul de Standardizare din Moldova","publisher":{"@id":"https:\/\/standard.md\/#organization"},"potentialAction":[{"@type":"SearchAction","target":{"@type":"EntryPoint","urlTemplate":"https:\/\/standard.md\/?s={search_term_string}"},"query-input":"required name=search_term_string"}],"inLanguage":"ro-RO"},{"@type":"ImageObject","@id":"https:\/\/standard.md\/?p=6141#primaryimage","inLanguage":"ro-RO","url":"https:\/\/standard.md\/wp-content\/uploads\/2021\/10\/usm-ism-imagine.jpg","contentUrl":"https:\/\/standard.md\/wp-content\/uploads\/2021\/10\/usm-ism-imagine.jpg","width":842,"height":595},{"@type":"WebPage","@id":"https:\/\/standard.md\/?p=6141#webpage","url":"https:\/\/standard.md\/?p=6141","name":"Universitatea de Stat din Moldova \u2013 75 de ani - Standard","isPartOf":{"@id":"https:\/\/standard.md\/#website"},"primaryImageOfPage":{"@id":"https:\/\/standard.md\/?p=6141#primaryimage"},"datePublished":"2021-10-01T05:16:32+00:00","dateModified":"2021-11-24T12:47:37+00:00","breadcrumb":{"@id":"https:\/\/standard.md\/?p=6141#breadcrumb"},"inLanguage":"ro-RO","potentialAction":[{"@type":"ReadAction","target":["https:\/\/standard.md\/index.php?rest_route=%2Fwp%2Fv2%2Fposts%2F6141"]}]},{"@type":"BreadcrumbList","@id":"https:\/\/standard.md\/?p=6141#breadcrumb","itemListElement":[{"@type":"ListItem","position":1,"name":"Prima pagin\u0103","item":"https:\/\/standard.md\/"},{"@type":"ListItem","position":2,"name":"Universitatea de Stat din Moldova \u2013 75 de ani"}]},{"@type":"Article","@id":"https:\/\/standard.md\/?p=6141#article","isPartOf":{"@id":"https:\/\/standard.md\/?p=6141#webpage"},"author":{"@id":"https:\/\/standard.md\/#\/schema\/person\/48fd99c081a9a7c39db191e5c2736178"},"headline":"Universitatea de Stat din Moldova \u2013 75 de ani","datePublished":"2021-10-01T05:16:32+00:00","dateModified":"2021-11-24T12:47:37+00:00","mainEntityOfPage":{"@id":"https:\/\/standard.md\/?p=6141#webpage"},"wordCount":150,"commentCount":0,"publisher":{"@id":"https:\/\/standard.md\/#organization"},"image":{"@id":"https:\/\/standard.md\/?p=6141#primaryimage"},"thumbnailUrl":"https:\/\/standard.md\/wp-content\/uploads\/2021\/10\/usm-ism-imagine.jpg","articleSection":["Video"],"inLanguage":"ro-RO","potentialAction":[{"@type":"CommentAction","name":"Comment","target":["https:\/\/standard.md\/?p=6141#respond"]}]},{"@type":"Person","@id":"https:\/\/standard.md\/#\/schema\/person\/48fd99c081a9a7c39db191e5c2736178","name":"Istrate Lena-Maria","image":{"@type":"ImageObject","@id":"https:\/\/standard.md\/#personlogo","inLanguage":"ro-RO","url":"https:\/\/secure.gravatar.com\/avatar\/7f250b744ca82497db3b0241fceaff80?s=96&d=mm&r=g","contentUrl":"https:\/\/secure.gravatar.com\/avatar\/7f250b744ca82497db3b0241fceaff80?s=96&d=mm&r=g","caption":"Istrate Lena-Maria"},"sameAs":["http:\/\/standard"]}]}},"_links":{"self":[{"href":"https:\/\/standard.md\/index.php?rest_route=\/wp\/v2\/posts\/6141"}],"collection":[{"href":"https:\/\/standard.md\/index.php?rest_route=\/wp\/v2\/posts"}],"about":[{"href":"https:\/\/standard.md\/index.php?rest_route=\/wp\/v2\/types\/post"}],"author":[{"embeddable":true,"href":"https:\/\/standard.md\/index.php?rest_route=\/wp\/v2\/users\/5"}],"replies":[{"embeddable":true,"href":"https:\/\/standard.md\/index.php?rest_route=%2Fwp%2Fv2%2Fcomments&post=6141"}],"version-history":[{"count":1,"href":"https:\/\/standard.md\/index.php?rest_route=\/wp\/v2\/posts\/6141\/revisions"}],"predecessor-version":[{"id":6142,"href":"https:\/\/standard.md\/index.php?rest_route=\/wp\/v2\/posts\/6141\/revisions\/6142"}],"wp:featuredmedia":[{"embeddable":true,"href":"https:\/\/standard.md\/index.php?rest_route=\/wp\/v2\/media\/6143"}],"wp:attachment":[{"href":"https:\/\/standard.md\/index.php?rest_route=%2Fwp%2Fv2%2Fmedia&parent=6141"}],"wp:term":[{"taxonomy":"category","embeddable":true,"href":"https:\/\/standard.md\/index.php?rest_route=%2Fwp%2Fv2%2Fcategories&post=6141"},{"taxonomy":"post_tag","embeddable":true,"href":"https:\/\/standard.md\/index.php?rest_route=%2Fwp%2Fv2%2Ftags&post=6141"}],"curies":[{"name":"wp","href":"https:\/\/api.w.org\/{rel}","templated":true}]}}