{"id":6248,"date":"2021-10-14T08:03:55","date_gmt":"2021-10-14T05:03:55","guid":{"rendered":"https:\/\/standard.md\/?p=6248"},"modified":"2021-11-24T14:23:56","modified_gmt":"2021-11-24T12:23:56","slug":"ziua-mondiala-a-standardizarii","status":"publish","type":"post","link":"https:\/\/standard.md\/?p=6248","title":{"rendered":"Ziua Mondial\u0103 a Standardiz\u0103rii"},"content":{"rendered":"<p>\u00cen fiecare an, \u00een data de 14 octombrie, membrii IEC, ISO \u0219i ITU s\u0103rb\u0103toresc Ziua Mondial\u0103 a Standardiz\u0103rii, care reune\u0219te munca a mii de exper\u021bi din \u00eentreaga lume, ce \u0219i-au dedicat timpul \u0219i experien\u021ba pentru elaborarea standardelor interna\u021bionale, europene sau na\u021bionale.<\/p>\n<p>Suntem uni\u021bi pentru a accelera punerea \u00een aplicare a Agendei 2030 prin standarde pentru \u00a0dezvoltare durabil\u0103 \u0219i \u201eViziunea noastr\u0103 comun\u0103 pentru o lume mai bun\u0103\u201d!<\/p>\n<p>Cu acest prilej, relat\u0103m despre importan\u021ba standardelor \u00een via\u021ba noastr\u0103 de zi cu zi:<\/p>\n<p><iframe loading=\"lazy\" title=\"Ziua Mondial\u0103 a Standardiz\u0103rii\" width=\"500\" height=\"281\" src=\"https:\/\/www.youtube.com\/embed\/F0m7Xu9Z8Rw?start=1&#038;feature=oembed\" frameborder=\"0\" allow=\"accelerometer; autoplay; clipboard-write; encrypted-media; gyroscope; picture-in-picture\" allowfullscreen><\/iframe><\/p>\n<p>&nbsp;<\/p>\n<p>&nbsp;<\/p>\n","protected":false},"excerpt":{"rendered":"<p>\u00cen fiecare an, \u00een data de 14 octombrie, membrii IEC, ISO \u0219i ITU s\u0103rb\u0103toresc Ziua Mondial\u0103 a Standardiz\u0103rii, care reune\u0219te<\/p>\n","protected":false},"author":7,"featured_media":6244,"comment_status":"open","ping_status":"open","sticky":false,"template":"","format":"standard","meta":[],"categories":[98],"tags":[],"yoast_head":"<!-- This site is optimized with the Yoast SEO plugin v18.1 - https:\/\/yoast.com\/wordpress\/plugins\/seo\/ -->\n<title>Ziua Mondial\u0103 a Standardiz\u0103rii - Standard<\/title>\n<meta name=\"robots\" content=\"index, follow, max-snippet:-1, max-image-preview:large, max-video-preview:-1\" \/>\n<link rel=\"canonical\" href=\"https:\/\/standard.md\/?p=6248\" \/>\n<meta property=\"og:locale\" content=\"ro_RO\" \/>\n<meta property=\"og:type\" content=\"article\" \/>\n<meta property=\"og:title\" content=\"Ziua Mondial\u0103 a Standardiz\u0103rii - Standard\" \/>\n<meta property=\"og:description\" content=\"\u00cen fiecare an, \u00een data de 14 octombrie, membrii IEC, ISO \u0219i ITU s\u0103rb\u0103toresc Ziua Mondial\u0103 a Standardiz\u0103rii, care reune\u0219te\" \/>\n<meta property=\"og:url\" content=\"https:\/\/standard.md\/?p=6248\" \/>\n<meta property=\"og:site_name\" content=\"Standard\" \/>\n<meta property=\"article:published_time\" content=\"2021-10-14T05:03:55+00:00\" \/>\n<meta property=\"article:modified_time\" content=\"2021-11-24T12:23:56+00:00\" \/>\n<meta property=\"og:image\" content=\"https:\/\/standard.md\/wp-content\/uploads\/2021\/10\/\u0421\u043d\u0438\u043c\u043e\u043a-\u044d\u043a\u0440\u0430\u043d\u0430-277.png\" \/>\n\t<meta property=\"og:image:width\" content=\"1261\" \/>\n\t<meta property=\"og:image:height\" content=\"701\" \/>\n\t<meta property=\"og:image:type\" content=\"image\/png\" \/>\n<meta name=\"twitter:card\" content=\"summary_large_image\" \/>\n<meta name=\"twitter:label1\" content=\"Scris de\" \/>\n\t<meta name=\"twitter:data1\" content=\"ISM\" \/>\n\t<meta name=\"twitter:label2\" content=\"Timp estimat pentru citire\" \/>\n\t<meta name=\"twitter:data2\" content=\"1 minut\" \/>\n<script type=\"application\/ld+json\" class=\"yoast-schema-graph\">{\"@context\":\"https:\/\/schema.org\",\"@graph\":[{\"@type\":\"Organization\",\"@id\":\"https:\/\/standard.md\/#organization\",\"name\":\"ISM\",\"url\":\"https:\/\/standard.md\/\",\"sameAs\":[],\"logo\":{\"@type\":\"ImageObject\",\"@id\":\"https:\/\/standard.md\/#logo\",\"inLanguage\":\"ro-RO\",\"url\":\"https:\/\/standard.md\/wp-content\/uploads\/2022\/09\/logo-ism.jpg\",\"contentUrl\":\"https:\/\/standard.md\/wp-content\/uploads\/2022\/09\/logo-ism.jpg\",\"width\":200,\"height\":200,\"caption\":\"ISM\"},\"image\":{\"@id\":\"https:\/\/standard.md\/#logo\"}},{\"@type\":\"WebSite\",\"@id\":\"https:\/\/standard.md\/#website\",\"url\":\"https:\/\/standard.md\/\",\"name\":\"Standard\",\"description\":\"Institutul de Standardizare din Moldova\",\"publisher\":{\"@id\":\"https:\/\/standard.md\/#organization\"},\"potentialAction\":[{\"@type\":\"SearchAction\",\"target\":{\"@type\":\"EntryPoint\",\"urlTemplate\":\"https:\/\/standard.md\/?s={search_term_string}\"},\"query-input\":\"required name=search_term_string\"}],\"inLanguage\":\"ro-RO\"},{\"@type\":\"ImageObject\",\"@id\":\"https:\/\/standard.md\/?p=6248#primaryimage\",\"inLanguage\":\"ro-RO\",\"url\":\"https:\/\/standard.md\/wp-content\/uploads\/2021\/10\/\u0421\u043d\u0438\u043c\u043e\u043a-\u044d\u043a\u0440\u0430\u043d\u0430-277.png\",\"contentUrl\":\"https:\/\/standard.md\/wp-content\/uploads\/2021\/10\/\u0421\u043d\u0438\u043c\u043e\u043a-\u044d\u043a\u0440\u0430\u043d\u0430-277.png\",\"width\":1261,\"height\":701},{\"@type\":\"WebPage\",\"@id\":\"https:\/\/standard.md\/?p=6248#webpage\",\"url\":\"https:\/\/standard.md\/?p=6248\",\"name\":\"Ziua Mondial\u0103 a Standardiz\u0103rii - Standard\",\"isPartOf\":{\"@id\":\"https:\/\/standard.md\/#website\"},\"primaryImageOfPage\":{\"@id\":\"https:\/\/standard.md\/?p=6248#primaryimage\"},\"datePublished\":\"2021-10-14T05:03:55+00:00\",\"dateModified\":\"2021-11-24T12:23:56+00:00\",\"breadcrumb\":{\"@id\":\"https:\/\/standard.md\/?p=6248#breadcrumb\"},\"inLanguage\":\"ro-RO\",\"potentialAction\":[{\"@type\":\"ReadAction\",\"target\":[\"https:\/\/standard.md\/index.php?rest_route=%2Fwp%2Fv2%2Fposts%2F6248\"]}]},{\"@type\":\"BreadcrumbList\",\"@id\":\"https:\/\/standard.md\/?p=6248#breadcrumb\",\"itemListElement\":[{\"@type\":\"ListItem\",\"position\":1,\"name\":\"Prima pagin\u0103\",\"item\":\"https:\/\/standard.md\/\"},{\"@type\":\"ListItem\",\"position\":2,\"name\":\"Ziua Mondial\u0103 a Standardiz\u0103rii\"}]},{\"@type\":\"Article\",\"@id\":\"https:\/\/standard.md\/?p=6248#article\",\"isPartOf\":{\"@id\":\"https:\/\/standard.md\/?p=6248#webpage\"},\"author\":{\"@id\":\"https:\/\/standard.md\/#\/schema\/person\/0f15d2e70d9556748b242355b54d5b0a\"},\"headline\":\"Ziua Mondial\u0103 a Standardiz\u0103rii\",\"datePublished\":\"2021-10-14T05:03:55+00:00\",\"dateModified\":\"2021-11-24T12:23:56+00:00\",\"mainEntityOfPage\":{\"@id\":\"https:\/\/standard.md\/?p=6248#webpage\"},\"wordCount\":111,\"commentCount\":0,\"publisher\":{\"@id\":\"https:\/\/standard.md\/#organization\"},\"image\":{\"@id\":\"https:\/\/standard.md\/?p=6248#primaryimage\"},\"thumbnailUrl\":\"https:\/\/standard.md\/wp-content\/uploads\/2021\/10\/\u0421\u043d\u0438\u043c\u043e\u043a-\u044d\u043a\u0440\u0430\u043d\u0430-277.png\",\"articleSection\":[\"Video\"],\"inLanguage\":\"ro-RO\",\"potentialAction\":[{\"@type\":\"CommentAction\",\"name\":\"Comment\",\"target\":[\"https:\/\/standard.md\/?p=6248#respond\"]}]},{\"@type\":\"Person\",\"@id\":\"https:\/\/standard.md\/#\/schema\/person\/0f15d2e70d9556748b242355b54d5b0a\",\"name\":\"ISM\",\"image\":{\"@type\":\"ImageObject\",\"@id\":\"https:\/\/standard.md\/#personlogo\",\"inLanguage\":\"ro-RO\",\"url\":\"https:\/\/secure.gravatar.com\/avatar\/99ef820167a31a517830677117ba138c?s=96&d=mm&r=g\",\"contentUrl\":\"https:\/\/secure.gravatar.com\/avatar\/99ef820167a31a517830677117ba138c?s=96&d=mm&r=g\",\"caption\":\"ISM\"},\"sameAs\":[\"http:\/\/standard.md\"]}]}<\/script>\n<!-- \/ Yoast SEO plugin. -->","yoast_head_json":{"title":"Ziua Mondial\u0103 a Standardiz\u0103rii - Standard","robots":{"index":"index","follow":"follow","max-snippet":"max-snippet:-1","max-image-preview":"max-image-preview:large","max-video-preview":"max-video-preview:-1"},"canonical":"https:\/\/standard.md\/?p=6248","og_locale":"ro_RO","og_type":"article","og_title":"Ziua Mondial\u0103 a Standardiz\u0103rii - Standard","og_description":"\u00cen fiecare an, \u00een data de 14 octombrie, membrii IEC, ISO \u0219i ITU s\u0103rb\u0103toresc Ziua Mondial\u0103 a Standardiz\u0103rii, care reune\u0219te","og_url":"https:\/\/standard.md\/?p=6248","og_site_name":"Standard","article_published_time":"2021-10-14T05:03:55+00:00","article_modified_time":"2021-11-24T12:23:56+00:00","og_image":[{"width":1261,"height":701,"url":"https:\/\/standard.md\/wp-content\/uploads\/2021\/10\/\u0421\u043d\u0438\u043c\u043e\u043a-\u044d\u043a\u0440\u0430\u043d\u0430-277.png","type":"image\/png"}],"twitter_card":"summary_large_image","twitter_misc":{"Scris de":"ISM","Timp estimat pentru citire":"1 minut"},"schema":{"@context":"https:\/\/schema.org","@graph":[{"@type":"Organization","@id":"https:\/\/standard.md\/#organization","name":"ISM","url":"https:\/\/standard.md\/","sameAs":[],"logo":{"@type":"ImageObject","@id":"https:\/\/standard.md\/#logo","inLanguage":"ro-RO","url":"https:\/\/standard.md\/wp-content\/uploads\/2022\/09\/logo-ism.jpg","contentUrl":"https:\/\/standard.md\/wp-content\/uploads\/2022\/09\/logo-ism.jpg","width":200,"height":200,"caption":"ISM"},"image":{"@id":"https:\/\/standard.md\/#logo"}},{"@type":"WebSite","@id":"https:\/\/standard.md\/#website","url":"https:\/\/standard.md\/","name":"Standard","description":"Institutul de Standardizare din Moldova","publisher":{"@id":"https:\/\/standard.md\/#organization"},"potentialAction":[{"@type":"SearchAction","target":{"@type":"EntryPoint","urlTemplate":"https:\/\/standard.md\/?s={search_term_string}"},"query-input":"required name=search_term_string"}],"inLanguage":"ro-RO"},{"@type":"ImageObject","@id":"https:\/\/standard.md\/?p=6248#primaryimage","inLanguage":"ro-RO","url":"https:\/\/standard.md\/wp-content\/uploads\/2021\/10\/\u0421\u043d\u0438\u043c\u043e\u043a-\u044d\u043a\u0440\u0430\u043d\u0430-277.png","contentUrl":"https:\/\/standard.md\/wp-content\/uploads\/2021\/10\/\u0421\u043d\u0438\u043c\u043e\u043a-\u044d\u043a\u0440\u0430\u043d\u0430-277.png","width":1261,"height":701},{"@type":"WebPage","@id":"https:\/\/standard.md\/?p=6248#webpage","url":"https:\/\/standard.md\/?p=6248","name":"Ziua Mondial\u0103 a Standardiz\u0103rii - Standard","isPartOf":{"@id":"https:\/\/standard.md\/#website"},"primaryImageOfPage":{"@id":"https:\/\/standard.md\/?p=6248#primaryimage"},"datePublished":"2021-10-14T05:03:55+00:00","dateModified":"2021-11-24T12:23:56+00:00","breadcrumb":{"@id":"https:\/\/standard.md\/?p=6248#breadcrumb"},"inLanguage":"ro-RO","potentialAction":[{"@type":"ReadAction","target":["https:\/\/standard.md\/index.php?rest_route=%2Fwp%2Fv2%2Fposts%2F6248"]}]},{"@type":"BreadcrumbList","@id":"https:\/\/standard.md\/?p=6248#breadcrumb","itemListElement":[{"@type":"ListItem","position":1,"name":"Prima pagin\u0103","item":"https:\/\/standard.md\/"},{"@type":"ListItem","position":2,"name":"Ziua Mondial\u0103 a Standardiz\u0103rii"}]},{"@type":"Article","@id":"https:\/\/standard.md\/?p=6248#article","isPartOf":{"@id":"https:\/\/standard.md\/?p=6248#webpage"},"author":{"@id":"https:\/\/standard.md\/#\/schema\/person\/0f15d2e70d9556748b242355b54d5b0a"},"headline":"Ziua Mondial\u0103 a Standardiz\u0103rii","datePublished":"2021-10-14T05:03:55+00:00","dateModified":"2021-11-24T12:23:56+00:00","mainEntityOfPage":{"@id":"https:\/\/standard.md\/?p=6248#webpage"},"wordCount":111,"commentCount":0,"publisher":{"@id":"https:\/\/standard.md\/#organization"},"image":{"@id":"https:\/\/standard.md\/?p=6248#primaryimage"},"thumbnailUrl":"https:\/\/standard.md\/wp-content\/uploads\/2021\/10\/\u0421\u043d\u0438\u043c\u043e\u043a-\u044d\u043a\u0440\u0430\u043d\u0430-277.png","articleSection":["Video"],"inLanguage":"ro-RO","potentialAction":[{"@type":"CommentAction","name":"Comment","target":["https:\/\/standard.md\/?p=6248#respond"]}]},{"@type":"Person","@id":"https:\/\/standard.md\/#\/schema\/person\/0f15d2e70d9556748b242355b54d5b0a","name":"ISM","image":{"@type":"ImageObject","@id":"https:\/\/standard.md\/#personlogo","inLanguage":"ro-RO","url":"https:\/\/secure.gravatar.com\/avatar\/99ef820167a31a517830677117ba138c?s=96&d=mm&r=g","contentUrl":"https:\/\/secure.gravatar.com\/avatar\/99ef820167a31a517830677117ba138c?s=96&d=mm&r=g","caption":"ISM"},"sameAs":["http:\/\/standard.md"]}]}},"_links":{"self":[{"href":"https:\/\/standard.md\/index.php?rest_route=\/wp\/v2\/posts\/6248"}],"collection":[{"href":"https:\/\/standard.md\/index.php?rest_route=\/wp\/v2\/posts"}],"about":[{"href":"https:\/\/standard.md\/index.php?rest_route=\/wp\/v2\/types\/post"}],"author":[{"embeddable":true,"href":"https:\/\/standard.md\/index.php?rest_route=\/wp\/v2\/users\/7"}],"replies":[{"embeddable":true,"href":"https:\/\/standard.md\/index.php?rest_route=%2Fwp%2Fv2%2Fcomments&post=6248"}],"version-history":[{"count":2,"href":"https:\/\/standard.md\/index.php?rest_route=\/wp\/v2\/posts\/6248\/revisions"}],"predecessor-version":[{"id":6250,"href":"https:\/\/standard.md\/index.php?rest_route=\/wp\/v2\/posts\/6248\/revisions\/6250"}],"wp:featuredmedia":[{"embeddable":true,"href":"https:\/\/standard.md\/index.php?rest_route=\/wp\/v2\/media\/6244"}],"wp:attachment":[{"href":"https:\/\/standard.md\/index.php?rest_route=%2Fwp%2Fv2%2Fmedia&parent=6248"}],"wp:term":[{"taxonomy":"category","embeddable":true,"href":"https:\/\/standard.md\/index.php?rest_route=%2Fwp%2Fv2%2Fcategories&post=6248"},{"taxonomy":"post_tag","embeddable":true,"href":"https:\/\/standard.md\/index.php?rest_route=%2Fwp%2Fv2%2Ftags&post=6248"}],"curies":[{"name":"wp","href":"https:\/\/api.w.org\/{rel}","templated":true}]}}