{"id":6956,"date":"2021-12-28T10:33:07","date_gmt":"2021-12-28T08:33:07","guid":{"rendered":"https:\/\/standard.md\/?p=6956"},"modified":"2021-12-28T10:33:07","modified_gmt":"2021-12-28T08:33:07","slug":"noul-standard-en16662-1-care-sunt-efectele-conducerii-pe-timp-de-iarna-in-europa","status":"publish","type":"post","link":"https:\/\/standard.md\/?p=6956","title":{"rendered":"Noul standard EN16662-1: care sunt efectele conducerii pe timp de iarn\u0103 \u00een Europa?"},"content":{"rendered":"<p>A\u021bi auzit despre noul standard european pentru dispozitivele de trac\u021biune \u0219i despre impactul acestuia asupra condusului de iarn\u0103 \u00een Europa?<\/p>\n<p>Standardul EN16662-1 define\u0219te cerin\u021be pentru siguran\u021ba opera\u021bional\u0103, performan\u021ba \u0219i durabilitatea dispozitivelor de trac\u021biune de iarn\u0103.<\/p>\n<p>AutoSock este primul produs din \u00eentreaga lume care a fost certificat. Urm\u00e2nd procedurile generale, standardul a fost implementat \u00een toate statele membre ale Uniunii Europene, precum \u0219i \u00een Norvegia, Islanda, Serbia \u0219i Turcia. Orice standard na\u021bional mai vechi au fost retras. \u00cen Austria, de exemplu, standardul anterior pentru lan\u021buri de z\u0103pad\u0103 \u00d6NORM V5117 septembrie 2007 nu mai exist\u0103. \u00cen plus, AutoSock a ob\u021binut aprobarea \u00een Elve\u021bia.<\/p>\n<p>\u00cen concluzie \u2013 AutoSock pentru autoturisme \u0219i vehicule utilitare u\u0219oare sub 3,5 tone poate fi acum utilizat ori de c\u00e2te ori lan\u021burile antiderapante sunt obligatorii \u00een Europa. Inventat \u00een Norvegia, AutoSock este alternativa acceptat\u0103 legal la lan\u021burile antiderapante.<\/p>\n<p><iframe loading=\"lazy\" title=\"Noul standard EN16662-1: care sunt efectele conducerii pe timp de iarn\u0103 \u00een Europa?\" width=\"500\" height=\"281\" src=\"https:\/\/www.youtube.com\/embed\/g9NYZGGYhHU?feature=oembed\" frameborder=\"0\" allow=\"accelerometer; autoplay; clipboard-write; encrypted-media; gyroscope; picture-in-picture\" allowfullscreen><\/iframe><\/p>\n","protected":false},"excerpt":{"rendered":"<p>A\u021bi auzit despre noul standard european pentru dispozitivele de trac\u021biune \u0219i despre impactul acestuia asupra condusului de iarn\u0103 \u00een Europa?<\/p>\n","protected":false},"author":7,"featured_media":6947,"comment_status":"open","ping_status":"open","sticky":false,"template":"","format":"standard","meta":[],"categories":[98],"tags":[],"yoast_head":"<!-- This site is optimized with the Yoast SEO plugin v18.1 - https:\/\/yoast.com\/wordpress\/plugins\/seo\/ -->\n<title>Noul standard EN16662-1: care sunt efectele conducerii pe timp de iarn\u0103 \u00een Europa? - Standard<\/title>\n<meta name=\"robots\" content=\"index, follow, max-snippet:-1, max-image-preview:large, max-video-preview:-1\" \/>\n<link rel=\"canonical\" href=\"https:\/\/standard.md\/?p=6956\" \/>\n<meta property=\"og:locale\" content=\"ro_RO\" \/>\n<meta property=\"og:type\" content=\"article\" \/>\n<meta property=\"og:title\" content=\"Noul standard EN16662-1: care sunt efectele conducerii pe timp de iarn\u0103 \u00een Europa? - Standard\" \/>\n<meta property=\"og:description\" content=\"A\u021bi auzit despre noul standard european pentru dispozitivele de trac\u021biune \u0219i despre impactul acestuia asupra condusului de iarn\u0103 \u00een Europa?\" \/>\n<meta property=\"og:url\" content=\"https:\/\/standard.md\/?p=6956\" \/>\n<meta property=\"og:site_name\" content=\"Standard\" \/>\n<meta property=\"article:published_time\" content=\"2021-12-28T08:33:07+00:00\" \/>\n<meta property=\"og:image\" content=\"https:\/\/standard.md\/wp-content\/uploads\/2021\/12\/\u0421\u043d\u0438\u043c\u043e\u043a-\u044d\u043a\u0440\u0430\u043d\u0430-417.png\" \/>\n\t<meta property=\"og:image:width\" content=\"1181\" \/>\n\t<meta property=\"og:image:height\" content=\"596\" \/>\n\t<meta property=\"og:image:type\" content=\"image\/png\" \/>\n<meta name=\"twitter:card\" content=\"summary_large_image\" \/>\n<meta name=\"twitter:label1\" content=\"Scris de\" \/>\n\t<meta name=\"twitter:data1\" content=\"ISM\" \/>\n\t<meta name=\"twitter:label2\" content=\"Timp estimat pentru citire\" \/>\n\t<meta name=\"twitter:data2\" content=\"1 minut\" \/>\n<script type=\"application\/ld+json\" class=\"yoast-schema-graph\">{\"@context\":\"https:\/\/schema.org\",\"@graph\":[{\"@type\":\"Organization\",\"@id\":\"https:\/\/standard.md\/#organization\",\"name\":\"ISM\",\"url\":\"https:\/\/standard.md\/\",\"sameAs\":[],\"logo\":{\"@type\":\"ImageObject\",\"@id\":\"https:\/\/standard.md\/#logo\",\"inLanguage\":\"ro-RO\",\"url\":\"https:\/\/standard.md\/wp-content\/uploads\/2022\/09\/logo-ism.jpg\",\"contentUrl\":\"https:\/\/standard.md\/wp-content\/uploads\/2022\/09\/logo-ism.jpg\",\"width\":200,\"height\":200,\"caption\":\"ISM\"},\"image\":{\"@id\":\"https:\/\/standard.md\/#logo\"}},{\"@type\":\"WebSite\",\"@id\":\"https:\/\/standard.md\/#website\",\"url\":\"https:\/\/standard.md\/\",\"name\":\"Standard\",\"description\":\"Institutul de Standardizare din Moldova\",\"publisher\":{\"@id\":\"https:\/\/standard.md\/#organization\"},\"potentialAction\":[{\"@type\":\"SearchAction\",\"target\":{\"@type\":\"EntryPoint\",\"urlTemplate\":\"https:\/\/standard.md\/?s={search_term_string}\"},\"query-input\":\"required name=search_term_string\"}],\"inLanguage\":\"ro-RO\"},{\"@type\":\"ImageObject\",\"@id\":\"https:\/\/standard.md\/?p=6956#primaryimage\",\"inLanguage\":\"ro-RO\",\"url\":\"https:\/\/standard.md\/wp-content\/uploads\/2021\/12\/\u0421\u043d\u0438\u043c\u043e\u043a-\u044d\u043a\u0440\u0430\u043d\u0430-417.png\",\"contentUrl\":\"https:\/\/standard.md\/wp-content\/uploads\/2021\/12\/\u0421\u043d\u0438\u043c\u043e\u043a-\u044d\u043a\u0440\u0430\u043d\u0430-417.png\",\"width\":1181,\"height\":596},{\"@type\":\"WebPage\",\"@id\":\"https:\/\/standard.md\/?p=6956#webpage\",\"url\":\"https:\/\/standard.md\/?p=6956\",\"name\":\"Noul standard EN16662-1: care sunt efectele conducerii pe timp de iarn\u0103 \u00een Europa? - Standard\",\"isPartOf\":{\"@id\":\"https:\/\/standard.md\/#website\"},\"primaryImageOfPage\":{\"@id\":\"https:\/\/standard.md\/?p=6956#primaryimage\"},\"datePublished\":\"2021-12-28T08:33:07+00:00\",\"dateModified\":\"2021-12-28T08:33:07+00:00\",\"breadcrumb\":{\"@id\":\"https:\/\/standard.md\/?p=6956#breadcrumb\"},\"inLanguage\":\"ro-RO\",\"potentialAction\":[{\"@type\":\"ReadAction\",\"target\":[\"https:\/\/standard.md\/index.php?rest_route=%2Fwp%2Fv2%2Fposts%2F6956\"]}]},{\"@type\":\"BreadcrumbList\",\"@id\":\"https:\/\/standard.md\/?p=6956#breadcrumb\",\"itemListElement\":[{\"@type\":\"ListItem\",\"position\":1,\"name\":\"Prima pagin\u0103\",\"item\":\"https:\/\/standard.md\/\"},{\"@type\":\"ListItem\",\"position\":2,\"name\":\"Noul standard EN16662-1: care sunt efectele conducerii pe timp de iarn\u0103 \u00een Europa?\"}]},{\"@type\":\"Article\",\"@id\":\"https:\/\/standard.md\/?p=6956#article\",\"isPartOf\":{\"@id\":\"https:\/\/standard.md\/?p=6956#webpage\"},\"author\":{\"@id\":\"https:\/\/standard.md\/#\/schema\/person\/0f15d2e70d9556748b242355b54d5b0a\"},\"headline\":\"Noul standard EN16662-1: care sunt efectele conducerii pe timp de iarn\u0103 \u00een Europa?\",\"datePublished\":\"2021-12-28T08:33:07+00:00\",\"dateModified\":\"2021-12-28T08:33:07+00:00\",\"mainEntityOfPage\":{\"@id\":\"https:\/\/standard.md\/?p=6956#webpage\"},\"wordCount\":177,\"commentCount\":0,\"publisher\":{\"@id\":\"https:\/\/standard.md\/#organization\"},\"image\":{\"@id\":\"https:\/\/standard.md\/?p=6956#primaryimage\"},\"thumbnailUrl\":\"https:\/\/standard.md\/wp-content\/uploads\/2021\/12\/\u0421\u043d\u0438\u043c\u043e\u043a-\u044d\u043a\u0440\u0430\u043d\u0430-417.png\",\"articleSection\":[\"Video\"],\"inLanguage\":\"ro-RO\",\"potentialAction\":[{\"@type\":\"CommentAction\",\"name\":\"Comment\",\"target\":[\"https:\/\/standard.md\/?p=6956#respond\"]}]},{\"@type\":\"Person\",\"@id\":\"https:\/\/standard.md\/#\/schema\/person\/0f15d2e70d9556748b242355b54d5b0a\",\"name\":\"ISM\",\"image\":{\"@type\":\"ImageObject\",\"@id\":\"https:\/\/standard.md\/#personlogo\",\"inLanguage\":\"ro-RO\",\"url\":\"https:\/\/secure.gravatar.com\/avatar\/99ef820167a31a517830677117ba138c?s=96&d=mm&r=g\",\"contentUrl\":\"https:\/\/secure.gravatar.com\/avatar\/99ef820167a31a517830677117ba138c?s=96&d=mm&r=g\",\"caption\":\"ISM\"},\"sameAs\":[\"http:\/\/standard.md\"]}]}<\/script>\n<!-- \/ Yoast SEO plugin. -->","yoast_head_json":{"title":"Noul standard EN16662-1: care sunt efectele conducerii pe timp de iarn\u0103 \u00een Europa? - Standard","robots":{"index":"index","follow":"follow","max-snippet":"max-snippet:-1","max-image-preview":"max-image-preview:large","max-video-preview":"max-video-preview:-1"},"canonical":"https:\/\/standard.md\/?p=6956","og_locale":"ro_RO","og_type":"article","og_title":"Noul standard EN16662-1: care sunt efectele conducerii pe timp de iarn\u0103 \u00een Europa? - Standard","og_description":"A\u021bi auzit despre noul standard european pentru dispozitivele de trac\u021biune \u0219i despre impactul acestuia asupra condusului de iarn\u0103 \u00een Europa?","og_url":"https:\/\/standard.md\/?p=6956","og_site_name":"Standard","article_published_time":"2021-12-28T08:33:07+00:00","og_image":[{"width":1181,"height":596,"url":"https:\/\/standard.md\/wp-content\/uploads\/2021\/12\/\u0421\u043d\u0438\u043c\u043e\u043a-\u044d\u043a\u0440\u0430\u043d\u0430-417.png","type":"image\/png"}],"twitter_card":"summary_large_image","twitter_misc":{"Scris de":"ISM","Timp estimat pentru citire":"1 minut"},"schema":{"@context":"https:\/\/schema.org","@graph":[{"@type":"Organization","@id":"https:\/\/standard.md\/#organization","name":"ISM","url":"https:\/\/standard.md\/","sameAs":[],"logo":{"@type":"ImageObject","@id":"https:\/\/standard.md\/#logo","inLanguage":"ro-RO","url":"https:\/\/standard.md\/wp-content\/uploads\/2022\/09\/logo-ism.jpg","contentUrl":"https:\/\/standard.md\/wp-content\/uploads\/2022\/09\/logo-ism.jpg","width":200,"height":200,"caption":"ISM"},"image":{"@id":"https:\/\/standard.md\/#logo"}},{"@type":"WebSite","@id":"https:\/\/standard.md\/#website","url":"https:\/\/standard.md\/","name":"Standard","description":"Institutul de Standardizare din Moldova","publisher":{"@id":"https:\/\/standard.md\/#organization"},"potentialAction":[{"@type":"SearchAction","target":{"@type":"EntryPoint","urlTemplate":"https:\/\/standard.md\/?s={search_term_string}"},"query-input":"required name=search_term_string"}],"inLanguage":"ro-RO"},{"@type":"ImageObject","@id":"https:\/\/standard.md\/?p=6956#primaryimage","inLanguage":"ro-RO","url":"https:\/\/standard.md\/wp-content\/uploads\/2021\/12\/\u0421\u043d\u0438\u043c\u043e\u043a-\u044d\u043a\u0440\u0430\u043d\u0430-417.png","contentUrl":"https:\/\/standard.md\/wp-content\/uploads\/2021\/12\/\u0421\u043d\u0438\u043c\u043e\u043a-\u044d\u043a\u0440\u0430\u043d\u0430-417.png","width":1181,"height":596},{"@type":"WebPage","@id":"https:\/\/standard.md\/?p=6956#webpage","url":"https:\/\/standard.md\/?p=6956","name":"Noul standard EN16662-1: care sunt efectele conducerii pe timp de iarn\u0103 \u00een Europa? - Standard","isPartOf":{"@id":"https:\/\/standard.md\/#website"},"primaryImageOfPage":{"@id":"https:\/\/standard.md\/?p=6956#primaryimage"},"datePublished":"2021-12-28T08:33:07+00:00","dateModified":"2021-12-28T08:33:07+00:00","breadcrumb":{"@id":"https:\/\/standard.md\/?p=6956#breadcrumb"},"inLanguage":"ro-RO","potentialAction":[{"@type":"ReadAction","target":["https:\/\/standard.md\/index.php?rest_route=%2Fwp%2Fv2%2Fposts%2F6956"]}]},{"@type":"BreadcrumbList","@id":"https:\/\/standard.md\/?p=6956#breadcrumb","itemListElement":[{"@type":"ListItem","position":1,"name":"Prima pagin\u0103","item":"https:\/\/standard.md\/"},{"@type":"ListItem","position":2,"name":"Noul standard EN16662-1: care sunt efectele conducerii pe timp de iarn\u0103 \u00een Europa?"}]},{"@type":"Article","@id":"https:\/\/standard.md\/?p=6956#article","isPartOf":{"@id":"https:\/\/standard.md\/?p=6956#webpage"},"author":{"@id":"https:\/\/standard.md\/#\/schema\/person\/0f15d2e70d9556748b242355b54d5b0a"},"headline":"Noul standard EN16662-1: care sunt efectele conducerii pe timp de iarn\u0103 \u00een Europa?","datePublished":"2021-12-28T08:33:07+00:00","dateModified":"2021-12-28T08:33:07+00:00","mainEntityOfPage":{"@id":"https:\/\/standard.md\/?p=6956#webpage"},"wordCount":177,"commentCount":0,"publisher":{"@id":"https:\/\/standard.md\/#organization"},"image":{"@id":"https:\/\/standard.md\/?p=6956#primaryimage"},"thumbnailUrl":"https:\/\/standard.md\/wp-content\/uploads\/2021\/12\/\u0421\u043d\u0438\u043c\u043e\u043a-\u044d\u043a\u0440\u0430\u043d\u0430-417.png","articleSection":["Video"],"inLanguage":"ro-RO","potentialAction":[{"@type":"CommentAction","name":"Comment","target":["https:\/\/standard.md\/?p=6956#respond"]}]},{"@type":"Person","@id":"https:\/\/standard.md\/#\/schema\/person\/0f15d2e70d9556748b242355b54d5b0a","name":"ISM","image":{"@type":"ImageObject","@id":"https:\/\/standard.md\/#personlogo","inLanguage":"ro-RO","url":"https:\/\/secure.gravatar.com\/avatar\/99ef820167a31a517830677117ba138c?s=96&d=mm&r=g","contentUrl":"https:\/\/secure.gravatar.com\/avatar\/99ef820167a31a517830677117ba138c?s=96&d=mm&r=g","caption":"ISM"},"sameAs":["http:\/\/standard.md"]}]}},"_links":{"self":[{"href":"https:\/\/standard.md\/index.php?rest_route=\/wp\/v2\/posts\/6956"}],"collection":[{"href":"https:\/\/standard.md\/index.php?rest_route=\/wp\/v2\/posts"}],"about":[{"href":"https:\/\/standard.md\/index.php?rest_route=\/wp\/v2\/types\/post"}],"author":[{"embeddable":true,"href":"https:\/\/standard.md\/index.php?rest_route=\/wp\/v2\/users\/7"}],"replies":[{"embeddable":true,"href":"https:\/\/standard.md\/index.php?rest_route=%2Fwp%2Fv2%2Fcomments&post=6956"}],"version-history":[{"count":1,"href":"https:\/\/standard.md\/index.php?rest_route=\/wp\/v2\/posts\/6956\/revisions"}],"predecessor-version":[{"id":6957,"href":"https:\/\/standard.md\/index.php?rest_route=\/wp\/v2\/posts\/6956\/revisions\/6957"}],"wp:featuredmedia":[{"embeddable":true,"href":"https:\/\/standard.md\/index.php?rest_route=\/wp\/v2\/media\/6947"}],"wp:attachment":[{"href":"https:\/\/standard.md\/index.php?rest_route=%2Fwp%2Fv2%2Fmedia&parent=6956"}],"wp:term":[{"taxonomy":"category","embeddable":true,"href":"https:\/\/standard.md\/index.php?rest_route=%2Fwp%2Fv2%2Fcategories&post=6956"},{"taxonomy":"post_tag","embeddable":true,"href":"https:\/\/standard.md\/index.php?rest_route=%2Fwp%2Fv2%2Ftags&post=6956"}],"curies":[{"name":"wp","href":"https:\/\/api.w.org\/{rel}","templated":true}]}}