{"id":9540,"date":"2023-02-28T11:58:33","date_gmt":"2023-02-28T09:58:33","guid":{"rendered":"https:\/\/standard.md\/?p=9540"},"modified":"2023-02-28T11:58:33","modified_gmt":"2023-02-28T09:58:33","slug":"standardul-cu-privire-la-numerele-de-inmatriculare-de-culoare-verde","status":"publish","type":"post","link":"https:\/\/standard.md\/?p=9540","title":{"rendered":"Standardul cu privire la numerele de \u00eenmatriculare de culoare verde"},"content":{"rendered":"<p>Institutul de Standardizare din Moldova promoveaz\u0103 modificarea standardului cu privire la numerele de \u00eenmatriculare de culoare verde, pentru autoturismele cu emisii zero.<\/p>\n<p>Numerele de \u00eenmatriculare dedicate ma\u0219inilor nepoluante vor func\u021biona ca un pa\u0219aport verde pentru acest tip de autovehicule. Modificarea are drept scop \u0219i asigurarea vizibilit\u0103\u021bii acestor categorii de vehicule \u00een traficul rutier.<\/p>\n<p>Prin implementarea standardului cu privire la numerele de \u00eenmatriculare de culoare verde se creeaz\u0103 \u015fi un cadru legal pentru acordarea unor facilit\u0103\u021bi celor care le utilizeaz\u0103, precum parcare gratuit\u0103, acces permis \u00een zone cu emisii reduse, reduceri de taxe \u0219i impozite etc.<\/p>\n<p>Sunt considerate autovehicule cu emisii zero de CO2 cele pur electrice sau cu pil\u0103 de combustie cu hidrogen.<\/p>\n<p>&nbsp;<\/p>\n<p>https:\/\/youtu.be\/XfP0WqsCcOA<\/p>","protected":false},"excerpt":{"rendered":"<p>Institutul de Standardizare din Moldova promoveaz\u0103 modificarea standardului cu privire la numerele de \u00eenmatriculare de culoare verde, pentru autoturismele cu<\/p>\n","protected":false},"author":7,"featured_media":9541,"comment_status":"open","ping_status":"open","sticky":false,"template":"","format":"standard","meta":[],"categories":[1,98],"tags":[],"yoast_head":"<!-- This site is optimized with the Yoast SEO plugin v18.1 - https:\/\/yoast.com\/wordpress\/plugins\/seo\/ -->\n<title>Standardul cu privire la numerele de \u00eenmatriculare de culoare verde - Standard<\/title>\n<meta name=\"robots\" content=\"index, follow, max-snippet:-1, max-image-preview:large, max-video-preview:-1\" \/>\n<link rel=\"canonical\" href=\"https:\/\/standard.md\/?p=9540\" \/>\n<meta property=\"og:locale\" content=\"ro_RO\" \/>\n<meta property=\"og:type\" content=\"article\" \/>\n<meta property=\"og:title\" content=\"Standardul cu privire la numerele de \u00eenmatriculare de culoare verde - Standard\" \/>\n<meta property=\"og:description\" content=\"Institutul de Standardizare din Moldova promoveaz\u0103 modificarea standardului cu privire la numerele de \u00eenmatriculare de culoare verde, pentru autoturismele cu\" \/>\n<meta property=\"og:url\" content=\"https:\/\/standard.md\/?p=9540\" \/>\n<meta property=\"og:site_name\" content=\"Standard\" \/>\n<meta property=\"article:published_time\" content=\"2023-02-28T09:58:33+00:00\" \/>\n<meta property=\"og:image\" content=\"https:\/\/standard.md\/wp-content\/uploads\/2023\/02\/numere-verzi.jpg\" \/>\n\t<meta property=\"og:image:width\" content=\"595\" \/>\n\t<meta property=\"og:image:height\" content=\"339\" \/>\n\t<meta property=\"og:image:type\" content=\"image\/jpeg\" \/>\n<meta name=\"twitter:card\" content=\"summary_large_image\" \/>\n<meta name=\"twitter:label1\" content=\"Scris de\" \/>\n\t<meta name=\"twitter:data1\" content=\"ISM\" \/>\n\t<meta name=\"twitter:label2\" content=\"Timp estimat pentru citire\" \/>\n\t<meta name=\"twitter:data2\" content=\"1 minut\" \/>\n<script type=\"application\/ld+json\" class=\"yoast-schema-graph\">{\"@context\":\"https:\/\/schema.org\",\"@graph\":[{\"@type\":\"Organization\",\"@id\":\"https:\/\/standard.md\/#organization\",\"name\":\"ISM\",\"url\":\"https:\/\/standard.md\/\",\"sameAs\":[],\"logo\":{\"@type\":\"ImageObject\",\"@id\":\"https:\/\/standard.md\/#logo\",\"inLanguage\":\"ro-RO\",\"url\":\"https:\/\/standard.md\/wp-content\/uploads\/2022\/09\/logo-ism.jpg\",\"contentUrl\":\"https:\/\/standard.md\/wp-content\/uploads\/2022\/09\/logo-ism.jpg\",\"width\":200,\"height\":200,\"caption\":\"ISM\"},\"image\":{\"@id\":\"https:\/\/standard.md\/#logo\"}},{\"@type\":\"WebSite\",\"@id\":\"https:\/\/standard.md\/#website\",\"url\":\"https:\/\/standard.md\/\",\"name\":\"Standard\",\"description\":\"Institutul de Standardizare din Moldova\",\"publisher\":{\"@id\":\"https:\/\/standard.md\/#organization\"},\"potentialAction\":[{\"@type\":\"SearchAction\",\"target\":{\"@type\":\"EntryPoint\",\"urlTemplate\":\"https:\/\/standard.md\/?s={search_term_string}\"},\"query-input\":\"required name=search_term_string\"}],\"inLanguage\":\"ro-RO\"},{\"@type\":\"ImageObject\",\"@id\":\"https:\/\/standard.md\/?p=9540#primaryimage\",\"inLanguage\":\"ro-RO\",\"url\":\"https:\/\/standard.md\/wp-content\/uploads\/2023\/02\/numere-verzi.jpg\",\"contentUrl\":\"https:\/\/standard.md\/wp-content\/uploads\/2023\/02\/numere-verzi.jpg\",\"width\":595,\"height\":339},{\"@type\":\"WebPage\",\"@id\":\"https:\/\/standard.md\/?p=9540#webpage\",\"url\":\"https:\/\/standard.md\/?p=9540\",\"name\":\"Standardul cu privire la numerele de \u00eenmatriculare de culoare verde - Standard\",\"isPartOf\":{\"@id\":\"https:\/\/standard.md\/#website\"},\"primaryImageOfPage\":{\"@id\":\"https:\/\/standard.md\/?p=9540#primaryimage\"},\"datePublished\":\"2023-02-28T09:58:33+00:00\",\"dateModified\":\"2023-02-28T09:58:33+00:00\",\"breadcrumb\":{\"@id\":\"https:\/\/standard.md\/?p=9540#breadcrumb\"},\"inLanguage\":\"ro-RO\",\"potentialAction\":[{\"@type\":\"ReadAction\",\"target\":[\"https:\/\/standard.md\/index.php?rest_route=%2Fwp%2Fv2%2Fposts%2F9540\"]}]},{\"@type\":\"BreadcrumbList\",\"@id\":\"https:\/\/standard.md\/?p=9540#breadcrumb\",\"itemListElement\":[{\"@type\":\"ListItem\",\"position\":1,\"name\":\"Prima pagin\u0103\",\"item\":\"https:\/\/standard.md\/\"},{\"@type\":\"ListItem\",\"position\":2,\"name\":\"Standardul cu privire la numerele de \u00eenmatriculare de culoare verde\"}]},{\"@type\":\"Article\",\"@id\":\"https:\/\/standard.md\/?p=9540#article\",\"isPartOf\":{\"@id\":\"https:\/\/standard.md\/?p=9540#webpage\"},\"author\":{\"@id\":\"https:\/\/standard.md\/#\/schema\/person\/0f15d2e70d9556748b242355b54d5b0a\"},\"headline\":\"Standardul cu privire la numerele de \u00eenmatriculare de culoare verde\",\"datePublished\":\"2023-02-28T09:58:33+00:00\",\"dateModified\":\"2023-02-28T09:58:33+00:00\",\"mainEntityOfPage\":{\"@id\":\"https:\/\/standard.md\/?p=9540#webpage\"},\"wordCount\":383,\"commentCount\":0,\"publisher\":{\"@id\":\"https:\/\/standard.md\/#organization\"},\"image\":{\"@id\":\"https:\/\/standard.md\/?p=9540#primaryimage\"},\"thumbnailUrl\":\"https:\/\/standard.md\/wp-content\/uploads\/2023\/02\/numere-verzi.jpg\",\"articleSection\":[\"Comunicate\",\"Video\"],\"inLanguage\":\"ro-RO\",\"potentialAction\":[{\"@type\":\"CommentAction\",\"name\":\"Comment\",\"target\":[\"https:\/\/standard.md\/?p=9540#respond\"]}]},{\"@type\":\"Person\",\"@id\":\"https:\/\/standard.md\/#\/schema\/person\/0f15d2e70d9556748b242355b54d5b0a\",\"name\":\"ISM\",\"image\":{\"@type\":\"ImageObject\",\"@id\":\"https:\/\/standard.md\/#personlogo\",\"inLanguage\":\"ro-RO\",\"url\":\"https:\/\/secure.gravatar.com\/avatar\/99ef820167a31a517830677117ba138c?s=96&d=mm&r=g\",\"contentUrl\":\"https:\/\/secure.gravatar.com\/avatar\/99ef820167a31a517830677117ba138c?s=96&d=mm&r=g\",\"caption\":\"ISM\"},\"sameAs\":[\"http:\/\/standard.md\"]}]}<\/script>\n<!-- \/ Yoast SEO plugin. -->","yoast_head_json":{"title":"Standardul cu privire la numerele de \u00eenmatriculare de culoare verde - Standard","robots":{"index":"index","follow":"follow","max-snippet":"max-snippet:-1","max-image-preview":"max-image-preview:large","max-video-preview":"max-video-preview:-1"},"canonical":"https:\/\/standard.md\/?p=9540","og_locale":"ro_RO","og_type":"article","og_title":"Standardul cu privire la numerele de \u00eenmatriculare de culoare verde - Standard","og_description":"Institutul de Standardizare din Moldova promoveaz\u0103 modificarea standardului cu privire la numerele de \u00eenmatriculare de culoare verde, pentru autoturismele cu","og_url":"https:\/\/standard.md\/?p=9540","og_site_name":"Standard","article_published_time":"2023-02-28T09:58:33+00:00","og_image":[{"width":595,"height":339,"url":"https:\/\/standard.md\/wp-content\/uploads\/2023\/02\/numere-verzi.jpg","type":"image\/jpeg"}],"twitter_card":"summary_large_image","twitter_misc":{"Scris de":"ISM","Timp estimat pentru citire":"1 minut"},"schema":{"@context":"https:\/\/schema.org","@graph":[{"@type":"Organization","@id":"https:\/\/standard.md\/#organization","name":"ISM","url":"https:\/\/standard.md\/","sameAs":[],"logo":{"@type":"ImageObject","@id":"https:\/\/standard.md\/#logo","inLanguage":"ro-RO","url":"https:\/\/standard.md\/wp-content\/uploads\/2022\/09\/logo-ism.jpg","contentUrl":"https:\/\/standard.md\/wp-content\/uploads\/2022\/09\/logo-ism.jpg","width":200,"height":200,"caption":"ISM"},"image":{"@id":"https:\/\/standard.md\/#logo"}},{"@type":"WebSite","@id":"https:\/\/standard.md\/#website","url":"https:\/\/standard.md\/","name":"Standard","description":"Institutul de Standardizare din Moldova","publisher":{"@id":"https:\/\/standard.md\/#organization"},"potentialAction":[{"@type":"SearchAction","target":{"@type":"EntryPoint","urlTemplate":"https:\/\/standard.md\/?s={search_term_string}"},"query-input":"required name=search_term_string"}],"inLanguage":"ro-RO"},{"@type":"ImageObject","@id":"https:\/\/standard.md\/?p=9540#primaryimage","inLanguage":"ro-RO","url":"https:\/\/standard.md\/wp-content\/uploads\/2023\/02\/numere-verzi.jpg","contentUrl":"https:\/\/standard.md\/wp-content\/uploads\/2023\/02\/numere-verzi.jpg","width":595,"height":339},{"@type":"WebPage","@id":"https:\/\/standard.md\/?p=9540#webpage","url":"https:\/\/standard.md\/?p=9540","name":"Standardul cu privire la numerele de \u00eenmatriculare de culoare verde - Standard","isPartOf":{"@id":"https:\/\/standard.md\/#website"},"primaryImageOfPage":{"@id":"https:\/\/standard.md\/?p=9540#primaryimage"},"datePublished":"2023-02-28T09:58:33+00:00","dateModified":"2023-02-28T09:58:33+00:00","breadcrumb":{"@id":"https:\/\/standard.md\/?p=9540#breadcrumb"},"inLanguage":"ro-RO","potentialAction":[{"@type":"ReadAction","target":["https:\/\/standard.md\/index.php?rest_route=%2Fwp%2Fv2%2Fposts%2F9540"]}]},{"@type":"BreadcrumbList","@id":"https:\/\/standard.md\/?p=9540#breadcrumb","itemListElement":[{"@type":"ListItem","position":1,"name":"Prima pagin\u0103","item":"https:\/\/standard.md\/"},{"@type":"ListItem","position":2,"name":"Standardul cu privire la numerele de \u00eenmatriculare de culoare verde"}]},{"@type":"Article","@id":"https:\/\/standard.md\/?p=9540#article","isPartOf":{"@id":"https:\/\/standard.md\/?p=9540#webpage"},"author":{"@id":"https:\/\/standard.md\/#\/schema\/person\/0f15d2e70d9556748b242355b54d5b0a"},"headline":"Standardul cu privire la numerele de \u00eenmatriculare de culoare verde","datePublished":"2023-02-28T09:58:33+00:00","dateModified":"2023-02-28T09:58:33+00:00","mainEntityOfPage":{"@id":"https:\/\/standard.md\/?p=9540#webpage"},"wordCount":383,"commentCount":0,"publisher":{"@id":"https:\/\/standard.md\/#organization"},"image":{"@id":"https:\/\/standard.md\/?p=9540#primaryimage"},"thumbnailUrl":"https:\/\/standard.md\/wp-content\/uploads\/2023\/02\/numere-verzi.jpg","articleSection":["Comunicate","Video"],"inLanguage":"ro-RO","potentialAction":[{"@type":"CommentAction","name":"Comment","target":["https:\/\/standard.md\/?p=9540#respond"]}]},{"@type":"Person","@id":"https:\/\/standard.md\/#\/schema\/person\/0f15d2e70d9556748b242355b54d5b0a","name":"ISM","image":{"@type":"ImageObject","@id":"https:\/\/standard.md\/#personlogo","inLanguage":"ro-RO","url":"https:\/\/secure.gravatar.com\/avatar\/99ef820167a31a517830677117ba138c?s=96&d=mm&r=g","contentUrl":"https:\/\/secure.gravatar.com\/avatar\/99ef820167a31a517830677117ba138c?s=96&d=mm&r=g","caption":"ISM"},"sameAs":["http:\/\/standard.md"]}]}},"_links":{"self":[{"href":"https:\/\/standard.md\/index.php?rest_route=\/wp\/v2\/posts\/9540"}],"collection":[{"href":"https:\/\/standard.md\/index.php?rest_route=\/wp\/v2\/posts"}],"about":[{"href":"https:\/\/standard.md\/index.php?rest_route=\/wp\/v2\/types\/post"}],"author":[{"embeddable":true,"href":"https:\/\/standard.md\/index.php?rest_route=\/wp\/v2\/users\/7"}],"replies":[{"embeddable":true,"href":"https:\/\/standard.md\/index.php?rest_route=%2Fwp%2Fv2%2Fcomments&post=9540"}],"version-history":[{"count":1,"href":"https:\/\/standard.md\/index.php?rest_route=\/wp\/v2\/posts\/9540\/revisions"}],"predecessor-version":[{"id":9542,"href":"https:\/\/standard.md\/index.php?rest_route=\/wp\/v2\/posts\/9540\/revisions\/9542"}],"wp:featuredmedia":[{"embeddable":true,"href":"https:\/\/standard.md\/index.php?rest_route=\/wp\/v2\/media\/9541"}],"wp:attachment":[{"href":"https:\/\/standard.md\/index.php?rest_route=%2Fwp%2Fv2%2Fmedia&parent=9540"}],"wp:term":[{"taxonomy":"category","embeddable":true,"href":"https:\/\/standard.md\/index.php?rest_route=%2Fwp%2Fv2%2Fcategories&post=9540"},{"taxonomy":"post_tag","embeddable":true,"href":"https:\/\/standard.md\/index.php?rest_route=%2Fwp%2Fv2%2Ftags&post=9540"}],"curies":[{"name":"wp","href":"https:\/\/api.w.org\/{rel}","templated":true}]}}